{"id":12911,"date":"2020-02-14T11:45:36","date_gmt":"2020-02-14T10:45:36","guid":{"rendered":"http:\/\/www.svzweckel.de\/?p=12911"},"modified":"2020-02-14T11:45:36","modified_gmt":"2020-02-14T10:45:36","slug":"die-zweite-tritt-in-kirchhellen-an","status":"publish","type":"post","link":"https:\/\/www.svzweckel.de\/?p=12911","title":{"rendered":"Die Zweite tritt in Kirchhellen an"},"content":{"rendered":"<p>Sonntag, 16.02.20, 15:00 Uhr: VfB Kirchhellen 3 &#8211; SV Zweckel 2<\/p>\n<p>Sollte der Wind am Sonntag keine besonedere Wettersituation heraufbeschw\u00f6ren, d\u00fcrfte das Spiel in Kirchhellen wohl stattfinden, denn der VfB verf\u00fcgt bekanntlich \u00fcber einen Kunstrasen, der sicher ein gepflegtes Fu\u00dfballspiel zul\u00e4sst.<\/p>\n<p>Die Mannschaft von Karl Englich hat in der laufenden Woche noch getestet und am vergangenen Dienstag beim A-Ligisten Westfalia Buer unentschieden gespielt. Am Sonntag startet der TAbellendritte der Kreisliga B dann mit einem Ausw\u00e4rtsspiel in die &#8222;R\u00fcckserie&#8220; und m\u00f6chte die Situation an der Spitze der Liga noch so lange wie m\u00f6glich offen gestalten.<\/p>\n<p>Daf\u00fcr ist jedoch ein Sieg beim Tabellendreizehnten erforderlich, denn mit Blick auf das Hinspiel, welches die Mannschaft von Karl Englich mit 7:0 gewann, sollte die Favoritenrolle gekl\u00e4rt sein. Trotzdem d\u00fcrfen die Schwarz-Gr\u00fcnen das Spiel nicht auf die leichte Schulter nehmen, denn die Mannschaft muss erst einmal wieder in den Wettkampfmodus kommen.<\/p>\n","protected":false},"excerpt":{"rendered":"<p>Sonntag, 16.02.20, 15:00 Uhr: VfB Kirchhellen 3 &#8211; SV Zweckel 2 Sollte der Wind am Sonntag keine besonedere Wettersituation heraufbeschw\u00f6ren, d\u00fcrfte das Spiel in Kirchhellen wohl stattfinden, denn der VfB verf\u00fcgt bekanntlich \u00fcber einen Kunstrasen, der sicher ein gepflegtes Fu\u00dfballspiel zul\u00e4sst. Die Mannschaft von Karl Englich hat in der laufenden Woche noch getestet und am [&hellip;]<\/p>\n","protected":false},"author":3,"featured_media":12451,"comment_status":"open","ping_status":"open","sticky":false,"template":"","format":"standard","meta":{"_jetpack_memberships_contains_paid_content":false,"footnotes":"","jetpack_publicize_message":"","jetpack_publicize_feature_enabled":true,"jetpack_social_post_already_shared":false,"jetpack_social_options":{"image_generator_settings":{"template":"highway","default_image_id":0,"font":"","enabled":false},"version":2}},"categories":[20],"tags":[],"class_list":["post-12911","post","type-post","status-publish","format-standard","has-post-thumbnail","hentry","category-2-mannschaft"],"jetpack_publicize_connections":[],"jetpack_featured_media_url":"https:\/\/i0.wp.com\/www.svzweckel.de\/wp-content\/uploads\/2019\/09\/20190922_154636.jpg?fit=800%2C450&ssl=1","jetpack_sharing_enabled":true,"_links":{"self":[{"href":"https:\/\/www.svzweckel.de\/index.php?rest_route=\/wp\/v2\/posts\/12911","targetHints":{"allow":["GET"]}}],"collection":[{"href":"https:\/\/www.svzweckel.de\/index.php?rest_route=\/wp\/v2\/posts"}],"about":[{"href":"https:\/\/www.svzweckel.de\/index.php?rest_route=\/wp\/v2\/types\/post"}],"author":[{"embeddable":true,"href":"https:\/\/www.svzweckel.de\/index.php?rest_route=\/wp\/v2\/users\/3"}],"replies":[{"embeddable":true,"href":"https:\/\/www.svzweckel.de\/index.php?rest_route=%2Fwp%2Fv2%2Fcomments&post=12911"}],"version-history":[{"count":0,"href":"https:\/\/www.svzweckel.de\/index.php?rest_route=\/wp\/v2\/posts\/12911\/revisions"}],"wp:featuredmedia":[{"embeddable":true,"href":"https:\/\/www.svzweckel.de\/index.php?rest_route=\/wp\/v2\/media\/12451"}],"wp:attachment":[{"href":"https:\/\/www.svzweckel.de\/index.php?rest_route=%2Fwp%2Fv2%2Fmedia&parent=12911"}],"wp:term":[{"taxonomy":"category","embeddable":true,"href":"https:\/\/www.svzweckel.de\/index.php?rest_route=%2Fwp%2Fv2%2Fcategories&post=12911"},{"taxonomy":"post_tag","embeddable":true,"href":"https:\/\/www.svzweckel.de\/index.php?rest_route=%2Fwp%2Fv2%2Ftags&post=12911"}],"curies":[{"name":"wp","href":"https:\/\/api.w.org\/{rel}","templated":true}]}}