{"id":12938,"date":"2020-02-28T12:34:17","date_gmt":"2020-02-28T11:34:17","guid":{"rendered":"http:\/\/www.svzweckel.de\/?p=12938"},"modified":"2020-02-28T12:35:11","modified_gmt":"2020-02-28T11:35:11","slug":"die-reserve-des-sv-zweckel-gewinnt-das-vorspiel-in-kirchhellen","status":"publish","type":"post","link":"https:\/\/www.svzweckel.de\/?p=12938","title":{"rendered":"Die Reserve des SV Zweckel gewinnt das &#8222;Vorspiel&#8220; in Kirchhellen"},"content":{"rendered":"<p>Mittwoch, 26.02.20: VfB Kirchhellen III &#8211; SV Zweckel II 2:5<\/p>\n<p>Das war ein schweres St\u00fcck Arbeit f\u00fcr den SV Zweckel II. Im &#8222;Wohnzimmer&#8220; der Kirchhellener erwischten die Gastgeber einen guten Start und gingen bereits nach 15 Minuten durch Alexander Greif mit 1:0 in F\u00fchrung. Die G\u00e4ste fingen sich und rannten bis zur Pause dem R\u00fcckstand hinterher. Praktisch mit dem Pausenpfiff konnte Marcel Capek den Ausgleich erzielen.<\/p>\n<p>Nach dem Wechsel brachte Timur Akalin seine Mannschaft mit zwei Treffern in der 49. und 60. Minute auf die Siegerstra\u00dfe. Nur drei Minuten nach dem dritten Treffer erh\u00f6hte Kapit\u00e4n Marcel Strauch auf 1:4. Eine Viertelstunde vor Schluss kamen die Gastgeber noch einmal auf 2:4 heran, ehe Torj\u00e4ger Wladimir Schwanke mit dem 2:5 in der 90. Minute den Schlusspunkt setzte.<\/p>\n<p>Durch diesen Sieg kletterten die Zweckeler auf den zweiten Tabellenplatz der Kreisliga B1 und sind nun vier Punkte vom Spitzenreiter SW Buer-B\u00fclse entfernt.<\/p>\n","protected":false},"excerpt":{"rendered":"<p>Mittwoch, 26.02.20: VfB Kirchhellen III &#8211; SV Zweckel II 2:5 Das war ein schweres St\u00fcck Arbeit f\u00fcr den SV Zweckel II. Im &#8222;Wohnzimmer&#8220; der Kirchhellener erwischten die Gastgeber einen guten Start und gingen bereits nach 15 Minuten durch Alexander Greif mit 1:0 in F\u00fchrung. Die G\u00e4ste fingen sich und rannten bis zur Pause dem R\u00fcckstand [&hellip;]<\/p>\n","protected":false},"author":3,"featured_media":12939,"comment_status":"open","ping_status":"open","sticky":false,"template":"","format":"standard","meta":{"_jetpack_memberships_contains_paid_content":false,"footnotes":"","jetpack_publicize_message":"","jetpack_publicize_feature_enabled":true,"jetpack_social_post_already_shared":false,"jetpack_social_options":{"image_generator_settings":{"template":"highway","default_image_id":0,"font":"","enabled":false},"version":2}},"categories":[20],"tags":[],"class_list":["post-12938","post","type-post","status-publish","format-standard","has-post-thumbnail","hentry","category-2-mannschaft"],"jetpack_publicize_connections":[],"jetpack_featured_media_url":"https:\/\/i0.wp.com\/www.svzweckel.de\/wp-content\/uploads\/2020\/02\/wp-1582889322295.jpg?fit=1200%2C800&ssl=1","jetpack_sharing_enabled":true,"_links":{"self":[{"href":"https:\/\/www.svzweckel.de\/index.php?rest_route=\/wp\/v2\/posts\/12938","targetHints":{"allow":["GET"]}}],"collection":[{"href":"https:\/\/www.svzweckel.de\/index.php?rest_route=\/wp\/v2\/posts"}],"about":[{"href":"https:\/\/www.svzweckel.de\/index.php?rest_route=\/wp\/v2\/types\/post"}],"author":[{"embeddable":true,"href":"https:\/\/www.svzweckel.de\/index.php?rest_route=\/wp\/v2\/users\/3"}],"replies":[{"embeddable":true,"href":"https:\/\/www.svzweckel.de\/index.php?rest_route=%2Fwp%2Fv2%2Fcomments&post=12938"}],"version-history":[{"count":0,"href":"https:\/\/www.svzweckel.de\/index.php?rest_route=\/wp\/v2\/posts\/12938\/revisions"}],"wp:featuredmedia":[{"embeddable":true,"href":"https:\/\/www.svzweckel.de\/index.php?rest_route=\/wp\/v2\/media\/12939"}],"wp:attachment":[{"href":"https:\/\/www.svzweckel.de\/index.php?rest_route=%2Fwp%2Fv2%2Fmedia&parent=12938"}],"wp:term":[{"taxonomy":"category","embeddable":true,"href":"https:\/\/www.svzweckel.de\/index.php?rest_route=%2Fwp%2Fv2%2Fcategories&post=12938"},{"taxonomy":"post_tag","embeddable":true,"href":"https:\/\/www.svzweckel.de\/index.php?rest_route=%2Fwp%2Fv2%2Ftags&post=12938"}],"curies":[{"name":"wp","href":"https:\/\/api.w.org\/{rel}","templated":true}]}}