{"id":12943,"date":"2020-02-28T12:54:25","date_gmt":"2020-02-28T11:54:25","guid":{"rendered":"http:\/\/www.svzweckel.de\/?p=12943"},"modified":"2020-02-28T12:54:38","modified_gmt":"2020-02-28T11:54:38","slug":"schwere-aufgabe-fuer-die-zweite","status":"publish","type":"post","link":"https:\/\/www.svzweckel.de\/?p=12943","title":{"rendered":"Schwere Aufgabe f\u00fcr die Zweite?!"},"content":{"rendered":"<p>Sonntag, 01.03.20, 15:00 Uhr: SV Zweckel II &#8211; FSM Gladbeck II<\/p>\n<p>Von der Papierlage ist die Rollenverteilung klar: Der SV Zweckel ist Tabellenzweiter der Kreisliga B und FSM befindet sich mit 5 Punkten auf dem vorletzten Tabelleplatz der Liga. Wenn man dabei jedoch ber\u00fccksichtigt, dass sich Genclerbirligi Resse II zur\u00fcckgezogen hat und als erster Absteiger feststeht, bekleidet die Mannschaft aus dem Gladbecker S\u00fcden den letzten Tabellenplatz.<\/p>\n<p>Genau aus diesem Grund warnt Trainer Karl Englich seine Jungs vor soch einem Spiel, welches mit der gleichen Einstellung angegangen werden muss wie ein vermeintlich gleichstarker Gegner. FSM konnte im letzten Meisterschaftsspiel bei Arminia Hassel den ersten und einzigen Sieg einfahren und hofft sicher noch, dem Abstieg zu entgehen.<\/p>\n<p>Die Zweckeler Spieler d\u00fcrften sich auch noch an das Hinspiel in Brauck erinnern, bei welchem die Schwarz-Gr\u00fcnen erst in der 90. Minute durch eine Tor von Dennis Crevatin das Spiel siegreich gestalten konnten.<\/p>\n<p>Es kommt also insbesondere auf die Einstellung der Heimmmanschaft an. Sollte diese stimmen, wird es mit an Sicherheit grenzender Wahrscheinlichkeit auch einen Sieg geben. Bleibt noch zu hoffen, dass der Ascheplatz an der Dorstener Stra\u00dfe einigerma\u00dfen bespielbar ist.<\/p>\n","protected":false},"excerpt":{"rendered":"<p>Sonntag, 01.03.20, 15:00 Uhr: SV Zweckel II &#8211; FSM Gladbeck II Von der Papierlage ist die Rollenverteilung klar: Der SV Zweckel ist Tabellenzweiter der Kreisliga B und FSM befindet sich mit 5 Punkten auf dem vorletzten Tabelleplatz der Liga. Wenn man dabei jedoch ber\u00fccksichtigt, dass sich Genclerbirligi Resse II zur\u00fcckgezogen hat und als erster Absteiger [&hellip;]<\/p>\n","protected":false},"author":3,"featured_media":12371,"comment_status":"open","ping_status":"open","sticky":false,"template":"","format":"standard","meta":{"_jetpack_memberships_contains_paid_content":false,"footnotes":"","jetpack_publicize_message":"","jetpack_publicize_feature_enabled":true,"jetpack_social_post_already_shared":false,"jetpack_social_options":{"image_generator_settings":{"template":"highway","default_image_id":0,"font":"","enabled":false},"version":2}},"categories":[20],"tags":[],"class_list":["post-12943","post","type-post","status-publish","format-standard","has-post-thumbnail","hentry","category-2-mannschaft"],"jetpack_publicize_connections":[],"jetpack_featured_media_url":"https:\/\/i0.wp.com\/www.svzweckel.de\/wp-content\/uploads\/2019\/09\/DSC_0196.jpg?fit=5504%2C3096&ssl=1","jetpack_sharing_enabled":true,"_links":{"self":[{"href":"https:\/\/www.svzweckel.de\/index.php?rest_route=\/wp\/v2\/posts\/12943","targetHints":{"allow":["GET"]}}],"collection":[{"href":"https:\/\/www.svzweckel.de\/index.php?rest_route=\/wp\/v2\/posts"}],"about":[{"href":"https:\/\/www.svzweckel.de\/index.php?rest_route=\/wp\/v2\/types\/post"}],"author":[{"embeddable":true,"href":"https:\/\/www.svzweckel.de\/index.php?rest_route=\/wp\/v2\/users\/3"}],"replies":[{"embeddable":true,"href":"https:\/\/www.svzweckel.de\/index.php?rest_route=%2Fwp%2Fv2%2Fcomments&post=12943"}],"version-history":[{"count":0,"href":"https:\/\/www.svzweckel.de\/index.php?rest_route=\/wp\/v2\/posts\/12943\/revisions"}],"wp:featuredmedia":[{"embeddable":true,"href":"https:\/\/www.svzweckel.de\/index.php?rest_route=\/wp\/v2\/media\/12371"}],"wp:attachment":[{"href":"https:\/\/www.svzweckel.de\/index.php?rest_route=%2Fwp%2Fv2%2Fmedia&parent=12943"}],"wp:term":[{"taxonomy":"category","embeddable":true,"href":"https:\/\/www.svzweckel.de\/index.php?rest_route=%2Fwp%2Fv2%2Fcategories&post=12943"},{"taxonomy":"post_tag","embeddable":true,"href":"https:\/\/www.svzweckel.de\/index.php?rest_route=%2Fwp%2Fv2%2Ftags&post=12943"}],"curies":[{"name":"wp","href":"https:\/\/api.w.org\/{rel}","templated":true}]}}