{"id":12969,"date":"2020-03-02T11:16:47","date_gmt":"2020-03-02T10:16:47","guid":{"rendered":"http:\/\/www.svzweckel.de\/?p=12969"},"modified":"2020-03-02T11:16:47","modified_gmt":"2020-03-02T10:16:47","slug":"abstand-zum-tabellenfuehrer-verkuerzt","status":"publish","type":"post","link":"https:\/\/www.svzweckel.de\/?p=12969","title":{"rendered":"Abstand zum Tabellenf\u00fchrer verk\u00fcrzt"},"content":{"rendered":"<p>SV Zweckel II &#8211; FSM Gladbeck II 4:2 (2:0)<\/p>\n<p>Es war das erwartet schwere Spiel f\u00fcr die Reserve des SV Zweckel. Gegen den Tabellenvorletzten der Kreisliga B1 taten sich die Schwarz-Gr\u00fcnen auch im &#8222;R\u00fcckspiel&#8220; schwer. In der Hinrunde hatten die Zweckeler das Spiel bei FSM erst in der 90. Minute gewonnen. Diesmal wollten es die Gastgeber besser machen und konnten bereits in der 7. Minute durch den 17. Treffer von Wladimir Schwanke in F\u00fchrung gehen. Marcel Capek erh\u00f6hte in der 24. Minute auf 2:0 und brachte damit die Zweite wohl schon auf die Siegerstra\u00dfe. Die endg\u00fcltige Vorentscheidung fiel dann in der 46. Minute, in welcher Raffael Santos-Reischauer das 3:0 erzielte und damit die Gegenwehr vorerst im Keim erstickte. Wiederum Wladimir Schwanke traf zum 4:0 und alles schien schon gelaufen. Doch der Gast aus dem Gladbecker S\u00fcden hatte noch nicht g\u00e4nzlich aufgegeben und erzielte in der 76. Minute den Anschlusstreffer. In der 90. Minute trafen die G\u00e4ste zum 4:2-Endstand, zu mehr reichte es dann allerdings nicht mehr.<\/p>\n<p>Der BV Rentfort III gewann beim Tabellenf\u00fchrer SW Buer-B\u00fclse mit 1:5, wodurch der Abstand des SV Zweckel II zum Tabellenf\u00fchrer nur noch einen Punkt betr\u00e4gt. Die Rentforter selbst befinden sich mit drei Punkte R\u00fcckstand auf die Zweckeler auf dem dritten Tabellenplatz.<\/p>\n","protected":false},"excerpt":{"rendered":"<p>SV Zweckel II &#8211; FSM Gladbeck II 4:2 (2:0) Es war das erwartet schwere Spiel f\u00fcr die Reserve des SV Zweckel. Gegen den Tabellenvorletzten der Kreisliga B1 taten sich die Schwarz-Gr\u00fcnen auch im &#8222;R\u00fcckspiel&#8220; schwer. In der Hinrunde hatten die Zweckeler das Spiel bei FSM erst in der 90. Minute gewonnen. Diesmal wollten es die [&hellip;]<\/p>\n","protected":false},"author":3,"featured_media":11943,"comment_status":"open","ping_status":"open","sticky":false,"template":"","format":"standard","meta":{"_jetpack_memberships_contains_paid_content":false,"footnotes":"","jetpack_publicize_message":"","jetpack_publicize_feature_enabled":true,"jetpack_social_post_already_shared":false,"jetpack_social_options":{"image_generator_settings":{"template":"highway","default_image_id":0,"font":"","enabled":false},"version":2}},"categories":[20],"tags":[],"class_list":["post-12969","post","type-post","status-publish","format-standard","has-post-thumbnail","hentry","category-2-mannschaft"],"jetpack_publicize_connections":[],"jetpack_featured_media_url":"https:\/\/i0.wp.com\/www.svzweckel.de\/wp-content\/uploads\/2019\/07\/DSC_0002.jpg?fit=5504%2C3096&ssl=1","jetpack_sharing_enabled":true,"_links":{"self":[{"href":"https:\/\/www.svzweckel.de\/index.php?rest_route=\/wp\/v2\/posts\/12969","targetHints":{"allow":["GET"]}}],"collection":[{"href":"https:\/\/www.svzweckel.de\/index.php?rest_route=\/wp\/v2\/posts"}],"about":[{"href":"https:\/\/www.svzweckel.de\/index.php?rest_route=\/wp\/v2\/types\/post"}],"author":[{"embeddable":true,"href":"https:\/\/www.svzweckel.de\/index.php?rest_route=\/wp\/v2\/users\/3"}],"replies":[{"embeddable":true,"href":"https:\/\/www.svzweckel.de\/index.php?rest_route=%2Fwp%2Fv2%2Fcomments&post=12969"}],"version-history":[{"count":0,"href":"https:\/\/www.svzweckel.de\/index.php?rest_route=\/wp\/v2\/posts\/12969\/revisions"}],"wp:featuredmedia":[{"embeddable":true,"href":"https:\/\/www.svzweckel.de\/index.php?rest_route=\/wp\/v2\/media\/11943"}],"wp:attachment":[{"href":"https:\/\/www.svzweckel.de\/index.php?rest_route=%2Fwp%2Fv2%2Fmedia&parent=12969"}],"wp:term":[{"taxonomy":"category","embeddable":true,"href":"https:\/\/www.svzweckel.de\/index.php?rest_route=%2Fwp%2Fv2%2Fcategories&post=12969"},{"taxonomy":"post_tag","embeddable":true,"href":"https:\/\/www.svzweckel.de\/index.php?rest_route=%2Fwp%2Fv2%2Ftags&post=12969"}],"curies":[{"name":"wp","href":"https:\/\/api.w.org\/{rel}","templated":true}]}}