{"id":13004,"date":"2020-03-10T10:45:10","date_gmt":"2020-03-10T09:45:10","guid":{"rendered":"http:\/\/www.svzweckel.de\/?p=13004"},"modified":"2020-03-10T10:45:19","modified_gmt":"2020-03-10T09:45:19","slug":"alle-spielten-fuer-zweckel-ii","status":"publish","type":"post","link":"https:\/\/www.svzweckel.de\/?p=13004","title":{"rendered":"Alle spielten f\u00fcr Zweckel II"},"content":{"rendered":"<p>SG Preu\u00dfen Gladbeck II &#8211; SV Zweckel II 2:3 (2:1)<\/p>\n<p>Trotz eines personellen Engpasses gewann die Zweite im Lokalderby auf dem Preu\u00dfenplatz (siehe Kartenausschnitt Google Maps) knapp aber verdient mit 2:3. Das Spiel begann alles andere als gut f\u00fcr die G\u00e4ste aus dem Gladbecker Norden, denn die Preu\u00dfen lagen\u00a0 nach einer guten Viertelstunde bereits mit 2:0 vorne, ehe die Zweckeler anfingen Fu\u00dfball zu spielen und Druck auf das gegnerische Tor aszu\u00fcben. In der 26. Minute gelang den Zweckelern durch Torj\u00e4ger Wladimier Schwanke der Anschlusstreffer.<\/p>\n<p>Nach dem Seitenwechsel erh\u00f6hten die Zweckeler den Druck und kamen in der 53. Minute durch Timur Akalin zum Ausgleich. Doch damit gab sich die Mannschaft nicht zufrieden und erzielte durch Marvin Sebastian Hallmann in der 78. Minute den umjubelten Siegtreffer.<\/p>\n<p>Durch diesen Sieg erklommen die Zweckeler die Tabellenspitze, denn der Spitzenreiter Buer-B\u00fclse verlor das Spitzenspiel bei den starken Sportfreunde aus Bulmke mit 4:1 und liegt nun zwei Punkte hinter den Zweckelern. Der BV Rentfort kam gegen Schwarz-Blau Gladbeck \u00fcber ein Unentschieden nicht hinaus und verlor gegen\u00fcber den Schwarz-Gr\u00fcnen auch an Boden.<\/p>\n<p>Im n\u00e4chsten Spiel treffen die Zweckeler auf Wacker Gladbeck und sind dort auch Favorit, zumal die Wackeraner seit der R\u00fcckrunde mit einer anderen Mannschaft in die Meisterschaft gegangen sind.<\/p>\n<p>&nbsp;<\/p>\n","protected":false},"excerpt":{"rendered":"<p>SG Preu\u00dfen Gladbeck II &#8211; SV Zweckel II 2:3 (2:1) Trotz eines personellen Engpasses gewann die Zweite im Lokalderby auf dem Preu\u00dfenplatz (siehe Kartenausschnitt Google Maps) knapp aber verdient mit 2:3. Das Spiel begann alles andere als gut f\u00fcr die G\u00e4ste aus dem Gladbecker Norden, denn die Preu\u00dfen lagen\u00a0 nach einer guten Viertelstunde bereits mit [&hellip;]<\/p>\n","protected":false},"author":3,"featured_media":13005,"comment_status":"open","ping_status":"open","sticky":false,"template":"","format":"standard","meta":{"_jetpack_memberships_contains_paid_content":false,"footnotes":"","jetpack_publicize_message":"","jetpack_publicize_feature_enabled":true,"jetpack_social_post_already_shared":false,"jetpack_social_options":{"image_generator_settings":{"template":"highway","default_image_id":0,"font":"","enabled":false},"version":2}},"categories":[20],"tags":[],"class_list":["post-13004","post","type-post","status-publish","format-standard","has-post-thumbnail","hentry","category-2-mannschaft"],"jetpack_publicize_connections":[],"jetpack_featured_media_url":"https:\/\/i0.wp.com\/www.svzweckel.de\/wp-content\/uploads\/2020\/03\/Preu%C3%9Fen.jpg?fit=527%2C336&ssl=1","jetpack_sharing_enabled":true,"_links":{"self":[{"href":"https:\/\/www.svzweckel.de\/index.php?rest_route=\/wp\/v2\/posts\/13004","targetHints":{"allow":["GET"]}}],"collection":[{"href":"https:\/\/www.svzweckel.de\/index.php?rest_route=\/wp\/v2\/posts"}],"about":[{"href":"https:\/\/www.svzweckel.de\/index.php?rest_route=\/wp\/v2\/types\/post"}],"author":[{"embeddable":true,"href":"https:\/\/www.svzweckel.de\/index.php?rest_route=\/wp\/v2\/users\/3"}],"replies":[{"embeddable":true,"href":"https:\/\/www.svzweckel.de\/index.php?rest_route=%2Fwp%2Fv2%2Fcomments&post=13004"}],"version-history":[{"count":0,"href":"https:\/\/www.svzweckel.de\/index.php?rest_route=\/wp\/v2\/posts\/13004\/revisions"}],"wp:featuredmedia":[{"embeddable":true,"href":"https:\/\/www.svzweckel.de\/index.php?rest_route=\/wp\/v2\/media\/13005"}],"wp:attachment":[{"href":"https:\/\/www.svzweckel.de\/index.php?rest_route=%2Fwp%2Fv2%2Fmedia&parent=13004"}],"wp:term":[{"taxonomy":"category","embeddable":true,"href":"https:\/\/www.svzweckel.de\/index.php?rest_route=%2Fwp%2Fv2%2Fcategories&post=13004"},{"taxonomy":"post_tag","embeddable":true,"href":"https:\/\/www.svzweckel.de\/index.php?rest_route=%2Fwp%2Fv2%2Ftags&post=13004"}],"curies":[{"name":"wp","href":"https:\/\/api.w.org\/{rel}","templated":true}]}}