{"id":13121,"date":"2020-06-11T15:33:29","date_gmt":"2020-06-11T13:33:29","guid":{"rendered":"http:\/\/www.svzweckel.de\/?p=13121"},"modified":"2020-06-11T15:33:29","modified_gmt":"2020-06-11T13:33:29","slug":"die-zweite-ist-in-die-kreisliga-a-aufgestiegen","status":"publish","type":"post","link":"https:\/\/www.svzweckel.de\/?p=13121","title":{"rendered":"Die Zweite ist in die Kreisliga A aufgestiegen!"},"content":{"rendered":"<p>Die Saison 2019\/20 im westf\u00e4lischen Amateurfu\u00dfball wird abgebrochen. Daf\u00fcr haben die Delegierten des Verbandstages im schriftlichen Umlaufverfahren mit einem jeweils deutlichen Votum gestimmt. Der Fu\u00dfball- und Leichtathletik-Verband Westfalen (FLVW) beendet damit endg\u00fcltig die aktuelle Saison. Die Wertung der Spielzeit erfolgt wie von den jeweiligen Gremien empfohlen.<\/p>\n<p>Es gibt Aufsteiger, aber keine Absteiger, au\u00dfer den Mannschaften die vor oder im Laufe der Spielzeit abgemeldet wurden. Ebenso gibt es in der Saison 2019\/2020 keine Meister und somit keine Meisterehrungen im Rahmen einer Arbeitstagung \/ eines Staffeltages. Die Entscheidungsspiele um einen zus\u00e4tzlichen Aufsteiger in die Bezirksliga entfallen. Somit stellt der Fu\u00dfballkreis 12 (Gelsenkirchen\/Gladbeck) in diesem Jahr zwei Aufsteiger (Erle 19 und He\u00dfler 06) in die Bezirksliga.<\/p>\n<p>Aufsteiger aus der Kreisliga B zur Kreisliga A<br \/>\nVorgesehen waren drei Aufsteiger gem. der festgelegten Auf- und Abstiegsregelung. Da sich aber eine weitere Mannschaft aus der Kreisliga A f\u00fcr den Aufstieg in die Bezirksliga qualifiziert hat, steigt zus\u00e4tzlich eine Mannschaft aus der Kreisliga B in die Kreisliga A auf.<br \/>\nTabelle nach Abbruch<br \/>\nKreisliga B Gruppe 1:<br \/>\n1. SV Zweckel II. -Aufsteiger zur Kreisliga A-<br \/>\n2. SW Buer B\u00fclse -Verein verzichtet auf den Aufstieg-<br \/>\n3. BV Rentfort III. &#8211;Verein verzichtet auf den Aufstieg-<br \/>\n4. Spfr. Bulmke -Aufsteiger zur Kreisliga A<\/p>\n<p>Demzufolge wird der SV Zweckel in der n\u00e4chsten Saison mit der Rerserve im Kreisoberhaus antreten. Das neue Trainerteam stellt gerade die neue Mannschaft f\u00fcr die kommende Spielzeit zusammen, da viele Spieler der Aufstiegsmannschaft ihrem Trainer folgen und mit ihm zum Jahnplatz zu Preu\u00dfen Gladbeck wechseln.<\/p>\n","protected":false},"excerpt":{"rendered":"<p>Die Saison 2019\/20 im westf\u00e4lischen Amateurfu\u00dfball wird abgebrochen. Daf\u00fcr haben die Delegierten des Verbandstages im schriftlichen Umlaufverfahren mit einem jeweils deutlichen Votum gestimmt. Der Fu\u00dfball- und Leichtathletik-Verband Westfalen (FLVW) beendet damit endg\u00fcltig die aktuelle Saison. Die Wertung der Spielzeit erfolgt wie von den jeweiligen Gremien empfohlen. Es gibt Aufsteiger, aber keine Absteiger, au\u00dfer den Mannschaften [&hellip;]<\/p>\n","protected":false},"author":3,"featured_media":13123,"comment_status":"open","ping_status":"open","sticky":false,"template":"","format":"standard","meta":{"_jetpack_memberships_contains_paid_content":false,"footnotes":"","jetpack_publicize_message":"","jetpack_publicize_feature_enabled":true,"jetpack_social_post_already_shared":false,"jetpack_social_options":{"image_generator_settings":{"template":"highway","default_image_id":0,"font":"","enabled":false},"version":2}},"categories":[20],"tags":[],"class_list":["post-13121","post","type-post","status-publish","format-standard","has-post-thumbnail","hentry","category-2-mannschaft"],"jetpack_publicize_connections":[],"jetpack_featured_media_url":"https:\/\/i0.wp.com\/www.svzweckel.de\/wp-content\/uploads\/2020\/06\/FLVW-Kreis-12.jpg?fit=800%2C201&ssl=1","jetpack_sharing_enabled":true,"_links":{"self":[{"href":"https:\/\/www.svzweckel.de\/index.php?rest_route=\/wp\/v2\/posts\/13121","targetHints":{"allow":["GET"]}}],"collection":[{"href":"https:\/\/www.svzweckel.de\/index.php?rest_route=\/wp\/v2\/posts"}],"about":[{"href":"https:\/\/www.svzweckel.de\/index.php?rest_route=\/wp\/v2\/types\/post"}],"author":[{"embeddable":true,"href":"https:\/\/www.svzweckel.de\/index.php?rest_route=\/wp\/v2\/users\/3"}],"replies":[{"embeddable":true,"href":"https:\/\/www.svzweckel.de\/index.php?rest_route=%2Fwp%2Fv2%2Fcomments&post=13121"}],"version-history":[{"count":0,"href":"https:\/\/www.svzweckel.de\/index.php?rest_route=\/wp\/v2\/posts\/13121\/revisions"}],"wp:featuredmedia":[{"embeddable":true,"href":"https:\/\/www.svzweckel.de\/index.php?rest_route=\/wp\/v2\/media\/13123"}],"wp:attachment":[{"href":"https:\/\/www.svzweckel.de\/index.php?rest_route=%2Fwp%2Fv2%2Fmedia&parent=13121"}],"wp:term":[{"taxonomy":"category","embeddable":true,"href":"https:\/\/www.svzweckel.de\/index.php?rest_route=%2Fwp%2Fv2%2Fcategories&post=13121"},{"taxonomy":"post_tag","embeddable":true,"href":"https:\/\/www.svzweckel.de\/index.php?rest_route=%2Fwp%2Fv2%2Ftags&post=13121"}],"curies":[{"name":"wp","href":"https:\/\/api.w.org\/{rel}","templated":true}]}}