{"id":13124,"date":"2020-06-11T16:31:18","date_gmt":"2020-06-11T14:31:18","guid":{"rendered":"http:\/\/www.svzweckel.de\/?p=13124"},"modified":"2020-06-11T16:31:18","modified_gmt":"2020-06-11T14:31:18","slug":"neues-trainerteam-fuer-die-zweite","status":"publish","type":"post","link":"https:\/\/www.svzweckel.de\/?p=13124","title":{"rendered":"Neues Trainerteam f\u00fcr die Zweite"},"content":{"rendered":"<p>Der SV Zweckel ist auf der Suche nach neuen Verantwortlichen f\u00fcr die Reserve f\u00fcndig geworden und hat ein Trainerteam verpflichtet, welches in der kommenden Saison das Team in der Kreisliga A trainieren wird.<\/p>\n<p>Mit Perry Pfeng und J\u00f6rg Sievers hat der Verein ein Team verpflichtet, welches sich mit einer neuen Mannschaft in der Kreisliga A etablieren m\u00f6chte.<\/p>\n<p>Perry Pfeng ist 27 Jahre alt und hat seine fu\u00dfballerische Laufbahn in Niedersachsen begonnen, wo er in der Jugend z. B. beim SC Langenhagen und bei Borussia Hildesheim in der Niedersachsen- und Regionalliga t\u00e4tig war und konnte auch einige Eins\u00e4tze in der Senioren-Oberliga beim VfV Hildesheim verzeichnen.<\/p>\n<p>Seit 2011 war er mit einer kurzen Unterbrechung f\u00fcr den Erler SV 08 aktiv und hat dort in der Kreisliga A und vereinzelt auch in der Bezirksliga Spiele absolviert.<\/p>\n<p>Seit 2016 ist er Trainer bei der Fu\u00dfballfabrik nach Ingo Anderbr\u00fcgge und au\u00dferdem Trainer des 2003er Jahrganges vom Erler SV 08. Ebenfalls seit vier Jahren bildet er sich in Seminaren zum Thema Trainingslehre und Trainingssteuerung an der Universit\u00e4t<br \/>\nund bei der Fu\u00dfballfabrik fort.<\/p>\n<p>Der ausgebildeter Heilp\u00e4dagoge mit den Schwerpunkten: F\u00f6rderung des K\u00f6rperbewusstseins, des K\u00f6rperschemas und der Psychomotorik ist seit 2018 Sportstudent und arbeitet seit Anfang 2019 als Lehrer in Gladbeck (Hauptf\u00e4cher unter Anderem Sport)<\/p>\n<p>Zus\u00e4tzlich ist Perry Pfeng seit 2006 Fu\u00dfballschiedsrichter (Bezirksliga) und aktuell Mitglied im Kreisjugendausschuss des Kreises und ist f\u00fcr interessierte Fu\u00dfballspieler, die beim Neuaufbau einer Mannschaft in der Kreisliga A 1 mithelfen wollen, telefonisch unter 01590\/6190312 oder per E-Mail unter perryp@hotmail.de zu erreichen.<\/p>\n","protected":false},"excerpt":{"rendered":"<p>Der SV Zweckel ist auf der Suche nach neuen Verantwortlichen f\u00fcr die Reserve f\u00fcndig geworden und hat ein Trainerteam verpflichtet, welches in der kommenden Saison das Team in der Kreisliga A trainieren wird. Mit Perry Pfeng und J\u00f6rg Sievers hat der Verein ein Team verpflichtet, welches sich mit einer neuen Mannschaft in der Kreisliga A [&hellip;]<\/p>\n","protected":false},"author":3,"featured_media":13127,"comment_status":"open","ping_status":"open","sticky":false,"template":"","format":"standard","meta":{"_jetpack_memberships_contains_paid_content":false,"footnotes":"","jetpack_publicize_message":"","jetpack_publicize_feature_enabled":true,"jetpack_social_post_already_shared":false,"jetpack_social_options":{"image_generator_settings":{"template":"highway","default_image_id":0,"font":"","enabled":false},"version":2}},"categories":[20],"tags":[],"class_list":["post-13124","post","type-post","status-publish","format-standard","has-post-thumbnail","hentry","category-2-mannschaft"],"jetpack_publicize_connections":[],"jetpack_featured_media_url":"https:\/\/i0.wp.com\/www.svzweckel.de\/wp-content\/uploads\/2020\/06\/Pfeng.jpeg?fit=800%2C600&ssl=1","jetpack_sharing_enabled":true,"_links":{"self":[{"href":"https:\/\/www.svzweckel.de\/index.php?rest_route=\/wp\/v2\/posts\/13124","targetHints":{"allow":["GET"]}}],"collection":[{"href":"https:\/\/www.svzweckel.de\/index.php?rest_route=\/wp\/v2\/posts"}],"about":[{"href":"https:\/\/www.svzweckel.de\/index.php?rest_route=\/wp\/v2\/types\/post"}],"author":[{"embeddable":true,"href":"https:\/\/www.svzweckel.de\/index.php?rest_route=\/wp\/v2\/users\/3"}],"replies":[{"embeddable":true,"href":"https:\/\/www.svzweckel.de\/index.php?rest_route=%2Fwp%2Fv2%2Fcomments&post=13124"}],"version-history":[{"count":0,"href":"https:\/\/www.svzweckel.de\/index.php?rest_route=\/wp\/v2\/posts\/13124\/revisions"}],"wp:featuredmedia":[{"embeddable":true,"href":"https:\/\/www.svzweckel.de\/index.php?rest_route=\/wp\/v2\/media\/13127"}],"wp:attachment":[{"href":"https:\/\/www.svzweckel.de\/index.php?rest_route=%2Fwp%2Fv2%2Fmedia&parent=13124"}],"wp:term":[{"taxonomy":"category","embeddable":true,"href":"https:\/\/www.svzweckel.de\/index.php?rest_route=%2Fwp%2Fv2%2Fcategories&post=13124"},{"taxonomy":"post_tag","embeddable":true,"href":"https:\/\/www.svzweckel.de\/index.php?rest_route=%2Fwp%2Fv2%2Ftags&post=13124"}],"curies":[{"name":"wp","href":"https:\/\/api.w.org\/{rel}","templated":true}]}}