{"id":13211,"date":"2020-08-01T19:58:37","date_gmt":"2020-08-01T17:58:37","guid":{"rendered":"http:\/\/www.svzweckel.de\/?p=13211"},"modified":"2020-08-01T19:58:37","modified_gmt":"2020-08-01T17:58:37","slug":"start-der-neuen-zweiten","status":"publish","type":"post","link":"https:\/\/www.svzweckel.de\/?p=13211","title":{"rendered":"Start der &#8222;neuen&#8220; Zweiten"},"content":{"rendered":"<p>Sonntag, 02.08.20, 14:30 Uhr: SV Zweckel II &#8211; Erler SV 08 II<\/p>\n<p>Eine Woche nach der ersten Mannschaft des SVZ bestreitet nun auch die neuformierte zweite Mannschaft ihr erstes Vorbereitungsspiel auf die kommende Saison. F\u00fcr die Zweitvertretung ist es der Auftakt von insgesamt sechs Testspielen im August.<br \/>\nDas Trainerduo um J\u00f6rg Sievers und Perry Pfeng erhofft sich durch die Spiele, dass sich die vielen neuen Spieler schnell einspielen und somit gut ger\u00fcstet in die Kreisliga A-Saison starten.<br \/>\nBeim Test gegen Erle 08 II geht es dar\u00fcber hinaus vor Allem um eine zus\u00e4tzliche Konditionseinheit.<br \/>\nDie zweite Mannschaft von Erle wird dem SV Zweckel sicherlich einiges abverlangen, da sie zum Einen schon l\u00e4ngere Zeit im Trainingsbetrieb ist und sie es zum Anderen der Zweckeler Zweitvertretung gleichmachen will, n\u00e4mlich schnellstm\u00f6glich in die Kreisliga A aufzusteigen.<br \/>\nSomit erwarten die Trainer ein spannendes Spiel, welches durch den Kirchhellener Unparteiischen Mike Stamm geleite wird.<\/p>\n<p>Die zweite Mannschaft des SV Zweckel freut sich \u00fcber reichlich Unterst\u00fctzung, nat\u00fcrlich unter Beachtung der Abstandsregeln<\/p>\n","protected":false},"excerpt":{"rendered":"<p>Sonntag, 02.08.20, 14:30 Uhr: SV Zweckel II &#8211; Erler SV 08 II Eine Woche nach der ersten Mannschaft des SVZ bestreitet nun auch die neuformierte zweite Mannschaft ihr erstes Vorbereitungsspiel auf die kommende Saison. F\u00fcr die Zweitvertretung ist es der Auftakt von insgesamt sechs Testspielen im August. Das Trainerduo um J\u00f6rg Sievers und Perry Pfeng [&hellip;]<\/p>\n","protected":false},"author":3,"featured_media":13213,"comment_status":"open","ping_status":"open","sticky":false,"template":"","format":"standard","meta":{"_jetpack_memberships_contains_paid_content":false,"footnotes":"","jetpack_publicize_message":"","jetpack_publicize_feature_enabled":true,"jetpack_social_post_already_shared":false,"jetpack_social_options":{"image_generator_settings":{"template":"highway","default_image_id":0,"font":"","enabled":false},"version":2}},"categories":[20],"tags":[],"class_list":["post-13211","post","type-post","status-publish","format-standard","has-post-thumbnail","hentry","category-2-mannschaft"],"jetpack_publicize_connections":[],"jetpack_featured_media_url":"https:\/\/i0.wp.com\/www.svzweckel.de\/wp-content\/uploads\/2020\/08\/Trainer-J%C3%B6rg-und-Perry.jpeg?fit=800%2C578&ssl=1","jetpack_sharing_enabled":true,"_links":{"self":[{"href":"https:\/\/www.svzweckel.de\/index.php?rest_route=\/wp\/v2\/posts\/13211","targetHints":{"allow":["GET"]}}],"collection":[{"href":"https:\/\/www.svzweckel.de\/index.php?rest_route=\/wp\/v2\/posts"}],"about":[{"href":"https:\/\/www.svzweckel.de\/index.php?rest_route=\/wp\/v2\/types\/post"}],"author":[{"embeddable":true,"href":"https:\/\/www.svzweckel.de\/index.php?rest_route=\/wp\/v2\/users\/3"}],"replies":[{"embeddable":true,"href":"https:\/\/www.svzweckel.de\/index.php?rest_route=%2Fwp%2Fv2%2Fcomments&post=13211"}],"version-history":[{"count":0,"href":"https:\/\/www.svzweckel.de\/index.php?rest_route=\/wp\/v2\/posts\/13211\/revisions"}],"wp:featuredmedia":[{"embeddable":true,"href":"https:\/\/www.svzweckel.de\/index.php?rest_route=\/wp\/v2\/media\/13213"}],"wp:attachment":[{"href":"https:\/\/www.svzweckel.de\/index.php?rest_route=%2Fwp%2Fv2%2Fmedia&parent=13211"}],"wp:term":[{"taxonomy":"category","embeddable":true,"href":"https:\/\/www.svzweckel.de\/index.php?rest_route=%2Fwp%2Fv2%2Fcategories&post=13211"},{"taxonomy":"post_tag","embeddable":true,"href":"https:\/\/www.svzweckel.de\/index.php?rest_route=%2Fwp%2Fv2%2Ftags&post=13211"}],"curies":[{"name":"wp","href":"https:\/\/api.w.org\/{rel}","templated":true}]}}