{"id":13216,"date":"2020-08-04T19:59:50","date_gmt":"2020-08-04T17:59:50","guid":{"rendered":"http:\/\/www.svzweckel.de\/?p=13216"},"modified":"2020-08-04T20:00:34","modified_gmt":"2020-08-04T18:00:34","slug":"masken-fuer-echte-zweckel-fans","status":"publish","type":"post","link":"https:\/\/www.svzweckel.de\/?p=13216","title":{"rendered":"Masken f\u00fcr echte Zweckel-Fans"},"content":{"rendered":"<p>Im Vereinsheim des SV Zweckel k\u00f6nnen alle Mitglieder und Fans Masken erwerben, welche mit dem Schriftzug &#8222;SV Zweckel&#8220; versehen sind. Diese gibt es in zwei Baumwollausf\u00fchrungen:<\/p>\n<p>&#8211; wei\u00df mit gr\u00fcner Schrift<\/p>\n<p>&#8211; grau mit gr\u00fcner Schrift (siehe Foto)<\/p>\n<p>Die Kosten betragen 4 bzw. 6 Euro, wobei davon jeweils ein Euro in der Vereinskasse verbleibt. Bei einem gr\u00f6\u00dferen Bedarf k\u00f6nnen \u00fcbrigens weitere Masken nachgeordert werden.<\/p>\n","protected":false},"excerpt":{"rendered":"<p>Im Vereinsheim des SV Zweckel k\u00f6nnen alle Mitglieder und Fans Masken erwerben, welche mit dem Schriftzug &#8222;SV Zweckel&#8220; versehen sind. Diese gibt es in zwei Baumwollausf\u00fchrungen: &#8211; wei\u00df mit gr\u00fcner Schrift &#8211; grau mit gr\u00fcner Schrift (siehe Foto) Die Kosten betragen 4 bzw. 6 Euro, wobei davon jeweils ein Euro in der Vereinskasse verbleibt. Bei [&hellip;]<\/p>\n","protected":false},"author":3,"featured_media":13215,"comment_status":"open","ping_status":"open","sticky":false,"template":"","format":"standard","meta":{"_jetpack_memberships_contains_paid_content":false,"footnotes":"","jetpack_publicize_message":"","jetpack_publicize_feature_enabled":true,"jetpack_social_post_already_shared":false,"jetpack_social_options":{"image_generator_settings":{"template":"highway","default_image_id":0,"font":"","enabled":false},"version":2}},"categories":[3],"tags":[],"class_list":["post-13216","post","type-post","status-publish","format-standard","has-post-thumbnail","hentry","category-allgemein"],"jetpack_publicize_connections":[],"jetpack_featured_media_url":"https:\/\/i0.wp.com\/www.svzweckel.de\/wp-content\/uploads\/2020\/08\/wp-15965630426417669865056858490307-scaled-e1596563187124.jpg?fit=2553%2C1113&ssl=1","jetpack_sharing_enabled":true,"_links":{"self":[{"href":"https:\/\/www.svzweckel.de\/index.php?rest_route=\/wp\/v2\/posts\/13216","targetHints":{"allow":["GET"]}}],"collection":[{"href":"https:\/\/www.svzweckel.de\/index.php?rest_route=\/wp\/v2\/posts"}],"about":[{"href":"https:\/\/www.svzweckel.de\/index.php?rest_route=\/wp\/v2\/types\/post"}],"author":[{"embeddable":true,"href":"https:\/\/www.svzweckel.de\/index.php?rest_route=\/wp\/v2\/users\/3"}],"replies":[{"embeddable":true,"href":"https:\/\/www.svzweckel.de\/index.php?rest_route=%2Fwp%2Fv2%2Fcomments&post=13216"}],"version-history":[{"count":0,"href":"https:\/\/www.svzweckel.de\/index.php?rest_route=\/wp\/v2\/posts\/13216\/revisions"}],"wp:featuredmedia":[{"embeddable":true,"href":"https:\/\/www.svzweckel.de\/index.php?rest_route=\/wp\/v2\/media\/13215"}],"wp:attachment":[{"href":"https:\/\/www.svzweckel.de\/index.php?rest_route=%2Fwp%2Fv2%2Fmedia&parent=13216"}],"wp:term":[{"taxonomy":"category","embeddable":true,"href":"https:\/\/www.svzweckel.de\/index.php?rest_route=%2Fwp%2Fv2%2Fcategories&post=13216"},{"taxonomy":"post_tag","embeddable":true,"href":"https:\/\/www.svzweckel.de\/index.php?rest_route=%2Fwp%2Fv2%2Ftags&post=13216"}],"curies":[{"name":"wp","href":"https:\/\/api.w.org\/{rel}","templated":true}]}}