{"id":13248,"date":"2020-08-07T16:37:23","date_gmt":"2020-08-07T14:37:23","guid":{"rendered":"http:\/\/www.svzweckel.de\/?p=13248"},"modified":"2020-08-07T16:37:23","modified_gmt":"2020-08-07T14:37:23","slug":"erstes-testspiel-der-zweiten-ging-verloren","status":"publish","type":"post","link":"https:\/\/www.svzweckel.de\/?p=13248","title":{"rendered":"Erstes Testspiel der Zweiten ging verloren"},"content":{"rendered":"<p>SV Zwecke II &#8211; Erler SV 08 II 2:5 (1:4)<\/p>\n<p>Im ersten Testspiel der Saison verlor die zweite Mannschaft des SVZ gegen eine starke Erler Zweitvertretung mit 2:5. Die erste Halbzeit war auf Zweckeler Seite noch gepr\u00e4gt von Abstimmungsfehlern. Hierdurch bekam Erle einige Torchancen, die sie nutzten. Dennoch gab es auch eine Phase von 15 Minuten, in denen die Zweckeler Mannschaft einige Chancen herausspielte. So stand es zur Halbzeit 1:4.<\/p>\n<p>Die zweite Halbzeit hingegen wurde vom SVZ kontrolliert. Die Absprachen wurden besser und man war deutlich pr\u00e4senter im Zweikampfverhalten. Auf jeder Seite fiel noch ein Tor. Die Tore f\u00fcr die Hausherren erzielten Sven Matel in der ersten Halbzeit und Wladimir Schwanke nach dem Seitenwechsel.<\/p>\n<p>Trotz des letztlich deutlichen Ergebnisses, wissen die Trainer J\u00f6rg Sievers und Perry Pfeng die Partie genau einzuordnen.<\/p>\n<p>Es war nach gut zwei Wochen Training das erste Testspiel f\u00fcr eine komplett neu zusammengesetzte Mannschaft. &#8222;Dass zu diesem Zeitpunkt der Vorbereitung noch Kraft fehlt und die Mannschaft nicht eingespielt sein kann, ist v\u00f6llig logisch.&#8220; Dennoch l\u00e4sst sich besonders auf der zweiten Halbzeit aufbauen. Hier hat die Mannschaft gek\u00e4mpft und spielerisch bereits gute Ans\u00e4tze gezeigt.<\/p>\n","protected":false},"excerpt":{"rendered":"<p>SV Zwecke II &#8211; Erler SV 08 II 2:5 (1:4) Im ersten Testspiel der Saison verlor die zweite Mannschaft des SVZ gegen eine starke Erler Zweitvertretung mit 2:5. Die erste Halbzeit war auf Zweckeler Seite noch gepr\u00e4gt von Abstimmungsfehlern. Hierdurch bekam Erle einige Torchancen, die sie nutzten. Dennoch gab es auch eine Phase von 15 [&hellip;]<\/p>\n","protected":false},"author":3,"featured_media":13247,"comment_status":"open","ping_status":"open","sticky":false,"template":"","format":"standard","meta":{"_jetpack_memberships_contains_paid_content":false,"footnotes":"","jetpack_publicize_message":"","jetpack_publicize_feature_enabled":true,"jetpack_social_post_already_shared":false,"jetpack_social_options":{"image_generator_settings":{"template":"highway","default_image_id":0,"font":"","enabled":false},"version":2}},"categories":[20],"tags":[],"class_list":["post-13248","post","type-post","status-publish","format-standard","has-post-thumbnail","hentry","category-2-mannschaft"],"jetpack_publicize_connections":[],"jetpack_featured_media_url":"https:\/\/i0.wp.com\/www.svzweckel.de\/wp-content\/uploads\/2020\/08\/wp-15968108051502436527845330126258-scaled.jpg?fit=2560%2C1440&ssl=1","jetpack_sharing_enabled":true,"_links":{"self":[{"href":"https:\/\/www.svzweckel.de\/index.php?rest_route=\/wp\/v2\/posts\/13248","targetHints":{"allow":["GET"]}}],"collection":[{"href":"https:\/\/www.svzweckel.de\/index.php?rest_route=\/wp\/v2\/posts"}],"about":[{"href":"https:\/\/www.svzweckel.de\/index.php?rest_route=\/wp\/v2\/types\/post"}],"author":[{"embeddable":true,"href":"https:\/\/www.svzweckel.de\/index.php?rest_route=\/wp\/v2\/users\/3"}],"replies":[{"embeddable":true,"href":"https:\/\/www.svzweckel.de\/index.php?rest_route=%2Fwp%2Fv2%2Fcomments&post=13248"}],"version-history":[{"count":0,"href":"https:\/\/www.svzweckel.de\/index.php?rest_route=\/wp\/v2\/posts\/13248\/revisions"}],"wp:featuredmedia":[{"embeddable":true,"href":"https:\/\/www.svzweckel.de\/index.php?rest_route=\/wp\/v2\/media\/13247"}],"wp:attachment":[{"href":"https:\/\/www.svzweckel.de\/index.php?rest_route=%2Fwp%2Fv2%2Fmedia&parent=13248"}],"wp:term":[{"taxonomy":"category","embeddable":true,"href":"https:\/\/www.svzweckel.de\/index.php?rest_route=%2Fwp%2Fv2%2Fcategories&post=13248"},{"taxonomy":"post_tag","embeddable":true,"href":"https:\/\/www.svzweckel.de\/index.php?rest_route=%2Fwp%2Fv2%2Ftags&post=13248"}],"curies":[{"name":"wp","href":"https:\/\/api.w.org\/{rel}","templated":true}]}}