{"id":1326,"date":"2014-10-25T20:06:20","date_gmt":"2014-10-25T20:06:20","guid":{"rendered":"http:\/\/www.svzweckel.de\/?p=1326"},"modified":"2014-10-26T16:47:56","modified_gmt":"2014-10-26T16:47:56","slug":"sonntag-26-10-2014-1500-uhr-sv-zweckel-ii-fc-gladbeck","status":"publish","type":"post","link":"https:\/\/www.svzweckel.de\/?p=1326","title":{"rendered":"SV Zweckel II .\/. FC Gladbeck 4:1"},"content":{"rendered":"<p>Das war am heutigen Sonntag die wahrscheinlich bisher beste Saisonleistung. Von Minute eins an waren alle Zweckeler wachsam und bereit f\u00fcr den n\u00e4chsten Sieg. Von Minuten eins an, pfiff der &#8222;Unparteiische&#8220; nur in eine Richtung. Von Minute eins an, agierte FC Gladbeck mehr als rabiat und spielte extrem k\u00f6rperbetont. Die Zweckeler allerdings lie\u00dfen sich in keinster Weise beirren und spielten sich Chancen \u00fcber Chancen heraus. Ekrem Kapuzo, der heute eine gute Partie spielte, konnte den durch Emre Alkac sehr gut herausgespielten Ball endlich verwerten und netzte zum 1:0 F\u00fchrungstreffer. Kurz darauf hatte Emre Alkac selbst das Vergn\u00fcgen und erh\u00f6hte den Spielstand sehenswert auf 2:0. Kurz vor dem Pausentee schlug Christian Scheuplein den Ball ab und legte quasi Emre Alkac auf. Dieser lie\u00df sich nicht lange bitten und erh\u00f6hte den Spielstand auf 3:0. Kurz nach der Halbzeitpause entschied der Schiedsrichter pl\u00f6tzlich auf einen Strafsto\u00df f\u00fcr FC Gladbeck. Der gut aufgelegte Scheuplein machte auch diese Chance f\u00fcr den FC Gladbeck wett. Der heute wiedereinmal auff\u00e4lligste Spieler Tim Helwig nutzte nach einem gut geschossenen Ecksto\u00df endlich seine Chance und k\u00f6pfte sehenswert zum 4:0 ein. Damit fiel Tim ein riesen Stein vom Herzen, denn seit Wochen k\u00e4mpft er und gibt alles f\u00fcr das Team, ein Tor jedoch sollte ihm bis heute einfach nicht gelingen. Vielleicht ist heute der Knoten geplatzt. Kurz vor Spielende entschied der Unparteiische noch einmal einen Strafsto\u00df f\u00fcr FC Gladbeck und dieses Mal sollte der Treffer gelingen. FC verk\u00fcrzte auf 4:1.<\/p>\n<p>Die Zweckeler Reserve spielte heute \u00e4u\u00dferst domininant und souver\u00e4n. Die vielen Zuschauer verliehen den sehr guten Spielz\u00fcgen durch viel Beifall ihr Wohlgefallen. Dies war ein rundum gelungener Auftritt und darf gerne so wiederholt werden. In der Tabelle rutscht man nun an das Mittelfeld heran und r\u00fcckt auf Platz 11 auf. Nicht zu vergessen, dass die Reserve noch ein Spiel weniger gespielt hat und man mit einem Sieg bis Platz 8 aufr\u00fccken k\u00f6nnte.<\/p>\n","protected":false},"excerpt":{"rendered":"<p>Das war am heutigen Sonntag die wahrscheinlich bisher beste Saisonleistung. Von Minute eins an waren alle Zweckeler wachsam und bereit f\u00fcr den n\u00e4chsten Sieg. Von Minuten eins an, pfiff der &#8222;Unparteiische&#8220; nur in eine Richtung. Von Minute eins an, agierte FC Gladbeck mehr als rabiat und spielte extrem k\u00f6rperbetont. Die Zweckeler allerdings lie\u00dfen sich in [&hellip;]<\/p>\n","protected":false},"author":3,"featured_media":0,"comment_status":"open","ping_status":"open","sticky":false,"template":"","format":"standard","meta":{"_jetpack_memberships_contains_paid_content":false,"footnotes":"","jetpack_publicize_message":"","jetpack_publicize_feature_enabled":true,"jetpack_social_post_already_shared":false,"jetpack_social_options":{"image_generator_settings":{"template":"highway","default_image_id":0,"font":"","enabled":false},"version":2}},"categories":[20,1],"tags":[],"class_list":["post-1326","post","type-post","status-publish","format-standard","hentry","category-2-mannschaft","category-uncategorized"],"jetpack_publicize_connections":[],"jetpack_featured_media_url":"","jetpack_sharing_enabled":true,"_links":{"self":[{"href":"https:\/\/www.svzweckel.de\/index.php?rest_route=\/wp\/v2\/posts\/1326","targetHints":{"allow":["GET"]}}],"collection":[{"href":"https:\/\/www.svzweckel.de\/index.php?rest_route=\/wp\/v2\/posts"}],"about":[{"href":"https:\/\/www.svzweckel.de\/index.php?rest_route=\/wp\/v2\/types\/post"}],"author":[{"embeddable":true,"href":"https:\/\/www.svzweckel.de\/index.php?rest_route=\/wp\/v2\/users\/3"}],"replies":[{"embeddable":true,"href":"https:\/\/www.svzweckel.de\/index.php?rest_route=%2Fwp%2Fv2%2Fcomments&post=1326"}],"version-history":[{"count":0,"href":"https:\/\/www.svzweckel.de\/index.php?rest_route=\/wp\/v2\/posts\/1326\/revisions"}],"wp:attachment":[{"href":"https:\/\/www.svzweckel.de\/index.php?rest_route=%2Fwp%2Fv2%2Fmedia&parent=1326"}],"wp:term":[{"taxonomy":"category","embeddable":true,"href":"https:\/\/www.svzweckel.de\/index.php?rest_route=%2Fwp%2Fv2%2Fcategories&post=1326"},{"taxonomy":"post_tag","embeddable":true,"href":"https:\/\/www.svzweckel.de\/index.php?rest_route=%2Fwp%2Fv2%2Ftags&post=1326"}],"curies":[{"name":"wp","href":"https:\/\/api.w.org\/{rel}","templated":true}]}}