{"id":13328,"date":"2020-09-01T19:34:45","date_gmt":"2020-09-01T17:34:45","guid":{"rendered":"http:\/\/www.svzweckel.de\/?p=13328"},"modified":"2020-09-01T19:35:01","modified_gmt":"2020-09-01T17:35:01","slug":"1-zweckler-dartverein-siegt-im-steeldart-debut","status":"publish","type":"post","link":"https:\/\/www.svzweckel.de\/?p=13328","title":{"rendered":"1. Zweckler Dartverein siegt im Steeldart-Debut"},"content":{"rendered":"<p>Bereits am Freitag hie\u00df es gegen 20:00 im Dortmunder L\u00fcders: \u201eDer 1. Zweckler Dartverein begr\u00fc\u00dft seinen Gegner DFSV Blind Gewinnt 3 mit einem kr\u00e4ftigen &#8211; Gl\u00fcck Auf!\u201c, so Andy Kr\u00f6ckel, Kapit\u00e4n an diesem Abend.<\/p>\n<p>Es war der Beginn der Saison der Bezirksklasse Westfalen Nord (BKWN1). Hier startet die neu formierte Steeldartmannschaft, die aus 22 gemeldeten Dartspielern besteht.<\/p>\n<p>Nun zum Spiel:<\/p>\n<p>Es wurde eine eindeutige Sache. Schnell f\u00fchrte der SVZ im ersten Block 6:1.\u00a0 Zwei Sachen sollten in die Geschichtsb\u00fccher eingehen:<\/p>\n<ol>\n<li>der erste Wurf der Steeldartmannschaft: Steven Markowiack mit einer 140<\/li>\n<li>der erste Leg-Gewinn: Patrick Lehnert<\/li>\n<li>der erste Leg-Verlust: Christian Kulik<\/li>\n<li>und die erste Spielniederlage: Wurde nicht an den Berichtschreiber \u00fcbermittelt &#x1f609;<\/li>\n<\/ol>\n<p>Nach dem ersten 6er Block wurden die beiden Doppel gespielt. Diese konnten unsere Jungs mit 3:0 und 3:1 f\u00fcr sich entscheiden und somit war rechnerisch der Sieg bereits \u201eeinget\u00fctet\u201c bevor es zum letzten Block der 6 Einzel kam.<\/p>\n<p>Hier zeigten sich die\u00a0 Zweckler erneut stark und gewannen alle Einzel und so kam es zum Endresultat von 13:1 pro Zweckel.<\/p>\n<p>8 Mann waren f\u00fcr den SVZ aktiv am Board:<\/p>\n<p>Andy Kr\u00f6ckel, Karsten Kornath, Uwe Lehnert, Patrick Lehnert, Rene Peuler, Christian Kulik, Christian Breuing und Steven Marckowiak<\/p>\n<p>Bestleistungen gab es auch. Shortgames spielten:<\/p>\n<p>Christian Breuing 15 Darts, Steven Marckowiak 16 Darts sowie Karsten Kornath und Rene Peuler je 18 Darts.<\/p>\n<p>Hinzu kommt noch eine 180 von Steven und ein 105er Finish von Karsten.<\/p>\n<p>Zu den aktuellen Tabellen und Spielpaarungen des Nordwestdeutschen Dartverbandes geht es hier:<\/p>\n<p><a href=\"http:\/\/www.nwdv.live\/index.php\/spielbetrieb\/liga\">http:\/\/www.nwdv.live\/index.php\/spielbetrieb\/liga<\/a><\/p>\n<p>Am kommenden Samstag, den 5. September kommt es zum ersten Heimspiel der Zweckler an der Dorstener Stra\u00dfe. Gegner werden die Sons of Dart 2 aus Gelsenkirchen sein.<\/p>\n<p>Anwurf: 20:00 Uhr<\/p>\n<p>\u00dcber den ein oder anderen Zuschauer w\u00fcrde sich die Mannschaft freuen. Immer reinspaziert, nat\u00fcrlich unter Beachtung der Abstandsregeln.<\/p>\n","protected":false},"excerpt":{"rendered":"<p>Bereits am Freitag hie\u00df es gegen 20:00 im Dortmunder L\u00fcders: \u201eDer 1. Zweckler Dartverein begr\u00fc\u00dft seinen Gegner DFSV Blind Gewinnt 3 mit einem kr\u00e4ftigen &#8211; Gl\u00fcck Auf!\u201c, so Andy Kr\u00f6ckel, Kapit\u00e4n an diesem Abend. Es war der Beginn der Saison der Bezirksklasse Westfalen Nord (BKWN1). Hier startet die neu formierte Steeldartmannschaft, die aus 22 gemeldeten [&hellip;]<\/p>\n","protected":false},"author":3,"featured_media":13330,"comment_status":"open","ping_status":"open","sticky":false,"template":"","format":"standard","meta":{"_jetpack_memberships_contains_paid_content":false,"footnotes":"","jetpack_publicize_message":"","jetpack_publicize_feature_enabled":true,"jetpack_social_post_already_shared":false,"jetpack_social_options":{"image_generator_settings":{"template":"highway","default_image_id":0,"font":"","enabled":false},"version":2}},"categories":[48],"tags":[],"class_list":["post-13328","post","type-post","status-publish","format-standard","has-post-thumbnail","hentry","category-darts-abteilung"],"jetpack_publicize_connections":[],"jetpack_featured_media_url":"https:\/\/i0.wp.com\/www.svzweckel.de\/wp-content\/uploads\/2020\/09\/Darts-Shirt.jpeg?fit=800%2C600&ssl=1","jetpack_sharing_enabled":true,"_links":{"self":[{"href":"https:\/\/www.svzweckel.de\/index.php?rest_route=\/wp\/v2\/posts\/13328","targetHints":{"allow":["GET"]}}],"collection":[{"href":"https:\/\/www.svzweckel.de\/index.php?rest_route=\/wp\/v2\/posts"}],"about":[{"href":"https:\/\/www.svzweckel.de\/index.php?rest_route=\/wp\/v2\/types\/post"}],"author":[{"embeddable":true,"href":"https:\/\/www.svzweckel.de\/index.php?rest_route=\/wp\/v2\/users\/3"}],"replies":[{"embeddable":true,"href":"https:\/\/www.svzweckel.de\/index.php?rest_route=%2Fwp%2Fv2%2Fcomments&post=13328"}],"version-history":[{"count":0,"href":"https:\/\/www.svzweckel.de\/index.php?rest_route=\/wp\/v2\/posts\/13328\/revisions"}],"wp:featuredmedia":[{"embeddable":true,"href":"https:\/\/www.svzweckel.de\/index.php?rest_route=\/wp\/v2\/media\/13330"}],"wp:attachment":[{"href":"https:\/\/www.svzweckel.de\/index.php?rest_route=%2Fwp%2Fv2%2Fmedia&parent=13328"}],"wp:term":[{"taxonomy":"category","embeddable":true,"href":"https:\/\/www.svzweckel.de\/index.php?rest_route=%2Fwp%2Fv2%2Fcategories&post=13328"},{"taxonomy":"post_tag","embeddable":true,"href":"https:\/\/www.svzweckel.de\/index.php?rest_route=%2Fwp%2Fv2%2Ftags&post=13328"}],"curies":[{"name":"wp","href":"https:\/\/api.w.org\/{rel}","templated":true}]}}