{"id":13375,"date":"2020-09-04T13:54:15","date_gmt":"2020-09-04T11:54:15","guid":{"rendered":"http:\/\/www.svzweckel.de\/?p=13375"},"modified":"2020-09-04T13:54:15","modified_gmt":"2020-09-04T11:54:15","slug":"einige-fragezeichen-vor-dem-saisonstart-der-zweiten","status":"publish","type":"post","link":"https:\/\/www.svzweckel.de\/?p=13375","title":{"rendered":"Einige Fragezeichen vor dem Saisonstart der Zweiten"},"content":{"rendered":"<p>Sonntag, 06.09.20, 15:00 Uhr: Genclerbirligi Resse &#8211; SV Zweckel II<\/p>\n<p>F\u00fcr die Zweite geht es vom ersten Spieltag an um jeden Punkt im Kampf gegen den Abstieg. Die Trainer Perry Pfeng und J\u00f6rg Sievers erwarten ein kampfbetontes Spiel und wollen mit ihrer Mannschaft alles f\u00fcr die ersten Punkte geben.<\/p>\n<p>Die Vorbereitung verlief nicht ideal, wenngleich die Jungs im Training super mitgezogen haben. Die Mannschaft ist zudem hoch motiviert zu zeigen, dass mehr in ihr steckt, als bisher in den Spielen gezeigt.<\/p>\n<p><a href=\"https:\/\/i0.wp.com\/www.svzweckel.de\/wp-content\/uploads\/2020\/09\/WhatsApp-Image-2020-09-04-at-10.23.19-1.jpeg?ssl=1\"><img data-recalc-dims=\"1\" loading=\"lazy\" decoding=\"async\" class=\"aligncenter size-full wp-image-13378\" src=\"https:\/\/i0.wp.com\/www.svzweckel.de\/wp-content\/uploads\/2020\/09\/WhatsApp-Image-2020-09-04-at-10.23.19-1.jpeg?resize=450%2C800&#038;ssl=1\" alt=\"\" width=\"450\" height=\"800\" srcset=\"https:\/\/i0.wp.com\/www.svzweckel.de\/wp-content\/uploads\/2020\/09\/WhatsApp-Image-2020-09-04-at-10.23.19-1.jpeg?w=450&amp;ssl=1 450w, https:\/\/i0.wp.com\/www.svzweckel.de\/wp-content\/uploads\/2020\/09\/WhatsApp-Image-2020-09-04-at-10.23.19-1.jpeg?resize=169%2C300&amp;ssl=1 169w, https:\/\/i0.wp.com\/www.svzweckel.de\/wp-content\/uploads\/2020\/09\/WhatsApp-Image-2020-09-04-at-10.23.19-1.jpeg?resize=150%2C267&amp;ssl=1 150w, https:\/\/i0.wp.com\/www.svzweckel.de\/wp-content\/uploads\/2020\/09\/WhatsApp-Image-2020-09-04-at-10.23.19-1.jpeg?resize=56%2C100&amp;ssl=1 56w, https:\/\/i0.wp.com\/www.svzweckel.de\/wp-content\/uploads\/2020\/09\/WhatsApp-Image-2020-09-04-at-10.23.19-1.jpeg?resize=28%2C50&amp;ssl=1 28w, https:\/\/i0.wp.com\/www.svzweckel.de\/wp-content\/uploads\/2020\/09\/WhatsApp-Image-2020-09-04-at-10.23.19-1.jpeg?resize=14%2C25&amp;ssl=1 14w, https:\/\/i0.wp.com\/www.svzweckel.de\/wp-content\/uploads\/2020\/09\/WhatsApp-Image-2020-09-04-at-10.23.19-1.jpeg?resize=180%2C320&amp;ssl=1 180w, https:\/\/i0.wp.com\/www.svzweckel.de\/wp-content\/uploads\/2020\/09\/WhatsApp-Image-2020-09-04-at-10.23.19-1.jpeg?resize=68%2C120&amp;ssl=1 68w\" sizes=\"auto, (max-width: 450px) 100vw, 450px\" \/><\/a><\/p>\n<p>Zudem besteht die Hoffnung, dass im Laufe der Woche ein paar Verletzte bzw. Spieler, die letzte Woche gefehlt haben, wieder zur\u00fcckkommen und Sonntag spielen k\u00f6nnen.<\/p>\n<p>Das Spiel findet auf dem Sportplatz an der Lohm\u00fchle, Hugostra\u00dfe 60 in Gelsenkirchen statt.<\/p>\n","protected":false},"excerpt":{"rendered":"<p>Sonntag, 06.09.20, 15:00 Uhr: Genclerbirligi Resse &#8211; SV Zweckel II F\u00fcr die Zweite geht es vom ersten Spieltag an um jeden Punkt im Kampf gegen den Abstieg. Die Trainer Perry Pfeng und J\u00f6rg Sievers erwarten ein kampfbetontes Spiel und wollen mit ihrer Mannschaft alles f\u00fcr die ersten Punkte geben. Die Vorbereitung verlief nicht ideal, wenngleich [&hellip;]<\/p>\n","protected":false},"author":3,"featured_media":13377,"comment_status":"open","ping_status":"open","sticky":false,"template":"","format":"standard","meta":{"_jetpack_memberships_contains_paid_content":false,"footnotes":"","jetpack_publicize_message":"","jetpack_publicize_feature_enabled":true,"jetpack_social_post_already_shared":false,"jetpack_social_options":{"image_generator_settings":{"template":"highway","default_image_id":0,"font":"","enabled":false},"version":2}},"categories":[20],"tags":[],"class_list":["post-13375","post","type-post","status-publish","format-standard","has-post-thumbnail","hentry","category-2-mannschaft"],"jetpack_publicize_connections":[],"jetpack_featured_media_url":"https:\/\/i0.wp.com\/www.svzweckel.de\/wp-content\/uploads\/2020\/09\/WhatsApp-Image-2020-09-04-at-10.23.19.jpeg?fit=800%2C600&ssl=1","jetpack_sharing_enabled":true,"_links":{"self":[{"href":"https:\/\/www.svzweckel.de\/index.php?rest_route=\/wp\/v2\/posts\/13375","targetHints":{"allow":["GET"]}}],"collection":[{"href":"https:\/\/www.svzweckel.de\/index.php?rest_route=\/wp\/v2\/posts"}],"about":[{"href":"https:\/\/www.svzweckel.de\/index.php?rest_route=\/wp\/v2\/types\/post"}],"author":[{"embeddable":true,"href":"https:\/\/www.svzweckel.de\/index.php?rest_route=\/wp\/v2\/users\/3"}],"replies":[{"embeddable":true,"href":"https:\/\/www.svzweckel.de\/index.php?rest_route=%2Fwp%2Fv2%2Fcomments&post=13375"}],"version-history":[{"count":0,"href":"https:\/\/www.svzweckel.de\/index.php?rest_route=\/wp\/v2\/posts\/13375\/revisions"}],"wp:featuredmedia":[{"embeddable":true,"href":"https:\/\/www.svzweckel.de\/index.php?rest_route=\/wp\/v2\/media\/13377"}],"wp:attachment":[{"href":"https:\/\/www.svzweckel.de\/index.php?rest_route=%2Fwp%2Fv2%2Fmedia&parent=13375"}],"wp:term":[{"taxonomy":"category","embeddable":true,"href":"https:\/\/www.svzweckel.de\/index.php?rest_route=%2Fwp%2Fv2%2Fcategories&post=13375"},{"taxonomy":"post_tag","embeddable":true,"href":"https:\/\/www.svzweckel.de\/index.php?rest_route=%2Fwp%2Fv2%2Ftags&post=13375"}],"curies":[{"name":"wp","href":"https:\/\/api.w.org\/{rel}","templated":true}]}}