{"id":13381,"date":"2020-09-06T19:22:35","date_gmt":"2020-09-06T17:22:35","guid":{"rendered":"http:\/\/www.svzweckel.de\/?p=13381"},"modified":"2020-09-06T19:22:35","modified_gmt":"2020-09-06T17:22:35","slug":"auftakt-ohne-tore","status":"publish","type":"post","link":"https:\/\/www.svzweckel.de\/?p=13381","title":{"rendered":"Auftakt ohne Tore"},"content":{"rendered":"<p>SV Zweckel &#8211; SG Suderwich 0:0<\/p>\n<p>Nach dem Spiel waren die Zweckeler doch etwas entt\u00e4uscht, denn auf Grund des Spielverlaufes w\u00e4re ein Sieg durchaus verdient gewesen. Mit Suderwich stellte sich eine sehr defensiv ausgerichtete Mannschaft an der Dorstener Stra\u00dfe vor, die insbesondere durch Konter zum Erfolg kommen wollte.<\/p>\n<p>In der ersten Halbzeit fehlten den Gastgebern noch die Mittel, die gute Defensivformation der Suderwicher zu knacken. Nur wenige Male gelangten die Schwarz-Gr\u00fcnen gef\u00e4hrlich vor das gegnerische Tor, wobei insbesondere Jan Schwers die F\u00fchrung nur knapp verpasste.<\/p>\n<p>Folgerichtig wechselte Trainer Guido Nauman frische Offensivkr\u00e4fte ein, die f\u00fcr frischen Wind nach vorne sorgten. Trotz bester Chancen wollte den Zweckelern kein Treffer gelingen. Entweder wurde zu umst\u00e4ndlich gespielt oder der gegnerische Torh\u00fcter war nicht zu \u00fcberwinden.<\/p>\n<p>Eine positive Erkenntnis konnten die Zuschauer jedoch auch mitnehmen. Die Abwehr steht! Mit Ausnahme einiger weniger Minuten in der ersten Halbzeit lie\u00dfen die Gastgeber keine M\u00f6glichkeiten der Suderwicher zu.<\/p>\n<p>Im Spiel nach vorne m\u00fcssen die Zweckeler allerdings noch kreativer werden, um eine defensiv eingestellte Mannschaft zu bezwingen.<\/p>\n","protected":false},"excerpt":{"rendered":"<p>SV Zweckel &#8211; SG Suderwich 0:0 Nach dem Spiel waren die Zweckeler doch etwas entt\u00e4uscht, denn auf Grund des Spielverlaufes w\u00e4re ein Sieg durchaus verdient gewesen. Mit Suderwich stellte sich eine sehr defensiv ausgerichtete Mannschaft an der Dorstener Stra\u00dfe vor, die insbesondere durch Konter zum Erfolg kommen wollte. In der ersten Halbzeit fehlten den Gastgebern [&hellip;]<\/p>\n","protected":false},"author":3,"featured_media":13382,"comment_status":"open","ping_status":"open","sticky":false,"template":"","format":"standard","meta":{"_jetpack_memberships_contains_paid_content":false,"footnotes":"","jetpack_publicize_message":"","jetpack_publicize_feature_enabled":true,"jetpack_social_post_already_shared":false,"jetpack_social_options":{"image_generator_settings":{"template":"highway","default_image_id":0,"font":"","enabled":false},"version":2}},"categories":[2],"tags":[],"class_list":["post-13381","post","type-post","status-publish","format-standard","has-post-thumbnail","hentry","category-1-mannschaft"],"jetpack_publicize_connections":[],"jetpack_featured_media_url":"https:\/\/i0.wp.com\/www.svzweckel.de\/wp-content\/uploads\/2020\/09\/DSC06742.jpg?fit=800%2C533&ssl=1","jetpack_sharing_enabled":true,"_links":{"self":[{"href":"https:\/\/www.svzweckel.de\/index.php?rest_route=\/wp\/v2\/posts\/13381","targetHints":{"allow":["GET"]}}],"collection":[{"href":"https:\/\/www.svzweckel.de\/index.php?rest_route=\/wp\/v2\/posts"}],"about":[{"href":"https:\/\/www.svzweckel.de\/index.php?rest_route=\/wp\/v2\/types\/post"}],"author":[{"embeddable":true,"href":"https:\/\/www.svzweckel.de\/index.php?rest_route=\/wp\/v2\/users\/3"}],"replies":[{"embeddable":true,"href":"https:\/\/www.svzweckel.de\/index.php?rest_route=%2Fwp%2Fv2%2Fcomments&post=13381"}],"version-history":[{"count":0,"href":"https:\/\/www.svzweckel.de\/index.php?rest_route=\/wp\/v2\/posts\/13381\/revisions"}],"wp:featuredmedia":[{"embeddable":true,"href":"https:\/\/www.svzweckel.de\/index.php?rest_route=\/wp\/v2\/media\/13382"}],"wp:attachment":[{"href":"https:\/\/www.svzweckel.de\/index.php?rest_route=%2Fwp%2Fv2%2Fmedia&parent=13381"}],"wp:term":[{"taxonomy":"category","embeddable":true,"href":"https:\/\/www.svzweckel.de\/index.php?rest_route=%2Fwp%2Fv2%2Fcategories&post=13381"},{"taxonomy":"post_tag","embeddable":true,"href":"https:\/\/www.svzweckel.de\/index.php?rest_route=%2Fwp%2Fv2%2Ftags&post=13381"}],"curies":[{"name":"wp","href":"https:\/\/api.w.org\/{rel}","templated":true}]}}