{"id":13391,"date":"2020-09-06T20:24:03","date_gmt":"2020-09-06T18:24:03","guid":{"rendered":"http:\/\/www.svzweckel.de\/?p=13391"},"modified":"2020-09-06T20:24:03","modified_gmt":"2020-09-06T18:24:03","slug":"a-jugend-feiert-71-kantersieg","status":"publish","type":"post","link":"https:\/\/www.svzweckel.de\/?p=13391","title":{"rendered":"A-Jugend feiert 7:1 Kantersieg"},"content":{"rendered":"<p><strong>SV Zweckel &#8211; Wacker Gladbeck 7:1 (2:0)\u00a0<\/strong><\/p>\n<p>Besser h\u00e4tte der Start in die neue Saison f\u00fcr unsere A-Jugend nicht laufen k\u00f6nnen!<\/p>\n<p>Schon nach sechs Minuten gingen die Zweckeler durch Justin Wienert mit 1:0 in F\u00fchrung. Die Schwarz-Gr\u00fcnen blieben weiter am Dr\u00fccker und erzielten nach einer sch\u00f6nen Kombination das 2:0. Joel Hellmich startete ein Solo auf der linken Seite und legte vor dem Tor den Ball auf den freistehenden Selman Tuylu auf, der den Ball im Tor unterbrachte. \u00a0 \u00a0 \u00a0 \u00a0 \u00a0 \u00a0 \u00a0 \u00a0 \u00a0 \u00a0 \u00a0 \u00a0 \u00a0 \u00a0 \u00a0 \u00a0 \u00a0 \u00a0 \u00a0 \u00a0 \u00a0 \u00a0 \u00a0 \u00a0 \u00a0 \u00a0 \u00a0 \u00a0 \u00a0 \u00a0 \u00a0 \u00a0 \u00a0 \u00a0 \u00a0 \u00a0 \u00a0 \u00a0 \u00a0 \u00a0 \u00a0 \u00a0 \u00a0 \u00a0 \u00a0 \u00a0 \u00a0 \u00a0 \u00a0 \u00a0 Der Zweckeler Trainer Miguel Pereira fand in der Halbzeitpause genau die richtigen Worte f\u00fcr seine Mannschaft. Die Zweckeler Truppe erspielte sich eine Chance nach der anderen und Joel Hellmich schraubte das Ergebnis mit einem Dreierpack in die H\u00f6he. Jetmir Mehmedov und erneut Selman Tuylu erh\u00f6hten auf 7:1.<\/p>\n<p>Mit einem 7:1 Sieg und drei Punkten im R\u00fccken tritt die A-Jugend am kommenden Sonntag um 14:45 Uhr in Beckhausen an.<\/p>\n","protected":false},"excerpt":{"rendered":"<p>SV Zweckel &#8211; Wacker Gladbeck 7:1 (2:0)\u00a0 Besser h\u00e4tte der Start in die neue Saison f\u00fcr unsere A-Jugend nicht laufen k\u00f6nnen! Schon nach sechs Minuten gingen die Zweckeler durch Justin Wienert mit 1:0 in F\u00fchrung. Die Schwarz-Gr\u00fcnen blieben weiter am Dr\u00fccker und erzielten nach einer sch\u00f6nen Kombination das 2:0. Joel Hellmich startete ein Solo auf [&hellip;]<\/p>\n","protected":false},"author":23,"featured_media":13393,"comment_status":"open","ping_status":"open","sticky":false,"template":"","format":"standard","meta":{"_jetpack_memberships_contains_paid_content":false,"footnotes":"","jetpack_publicize_message":"","jetpack_publicize_feature_enabled":true,"jetpack_social_post_already_shared":false,"jetpack_social_options":{"image_generator_settings":{"template":"highway","default_image_id":0,"font":"","enabled":false},"version":2}},"categories":[2],"tags":[],"class_list":["post-13391","post","type-post","status-publish","format-standard","has-post-thumbnail","hentry","category-1-mannschaft"],"jetpack_publicize_connections":[],"jetpack_featured_media_url":"https:\/\/i0.wp.com\/www.svzweckel.de\/wp-content\/uploads\/2020\/09\/wp-15994165528217063716719680184097-scaled.jpg?fit=2560%2C1440&ssl=1","jetpack_sharing_enabled":true,"_links":{"self":[{"href":"https:\/\/www.svzweckel.de\/index.php?rest_route=\/wp\/v2\/posts\/13391","targetHints":{"allow":["GET"]}}],"collection":[{"href":"https:\/\/www.svzweckel.de\/index.php?rest_route=\/wp\/v2\/posts"}],"about":[{"href":"https:\/\/www.svzweckel.de\/index.php?rest_route=\/wp\/v2\/types\/post"}],"author":[{"embeddable":true,"href":"https:\/\/www.svzweckel.de\/index.php?rest_route=\/wp\/v2\/users\/23"}],"replies":[{"embeddable":true,"href":"https:\/\/www.svzweckel.de\/index.php?rest_route=%2Fwp%2Fv2%2Fcomments&post=13391"}],"version-history":[{"count":0,"href":"https:\/\/www.svzweckel.de\/index.php?rest_route=\/wp\/v2\/posts\/13391\/revisions"}],"wp:featuredmedia":[{"embeddable":true,"href":"https:\/\/www.svzweckel.de\/index.php?rest_route=\/wp\/v2\/media\/13393"}],"wp:attachment":[{"href":"https:\/\/www.svzweckel.de\/index.php?rest_route=%2Fwp%2Fv2%2Fmedia&parent=13391"}],"wp:term":[{"taxonomy":"category","embeddable":true,"href":"https:\/\/www.svzweckel.de\/index.php?rest_route=%2Fwp%2Fv2%2Fcategories&post=13391"},{"taxonomy":"post_tag","embeddable":true,"href":"https:\/\/www.svzweckel.de\/index.php?rest_route=%2Fwp%2Fv2%2Ftags&post=13391"}],"curies":[{"name":"wp","href":"https:\/\/api.w.org\/{rel}","templated":true}]}}