{"id":13396,"date":"2020-09-07T12:50:25","date_gmt":"2020-09-07T10:50:25","guid":{"rendered":"https:\/\/www.svzweckel.de\/?p=13396"},"modified":"2020-09-07T21:13:12","modified_gmt":"2020-09-07T19:13:12","slug":"erste-saisonsieg-fuer-die-zweite","status":"publish","type":"post","link":"https:\/\/www.svzweckel.de\/?p=13396","title":{"rendered":"Erste Saisonsieg f\u00fcr die Zweite"},"content":{"rendered":"\r\n<p>Genclerbirligi Resse &#8211; SV Zweckel II 1:7<\/p>\r\n\r\n\r\n\r\n<p>In den ersten 15 Minuten ging es hin und her. Die Unsicherheit durch die durchwachsene Vorbereitung merkte man der Mannschaft an. Es gab Chancen auf beiden Seiten. Torwart Angelo Kuschel zeigte sein K\u00f6nnen und verhinderte einen R\u00fcckstand. In der 20.\u00a0 Minute fiel das 0:1 f\u00fcr den Gast durch Wladimir Schwanke nach sch\u00f6nem Zuspiel von Fatih Kararmis. Durch dieses Tor kam endlich mehr Sicherheit ins Spiel.<br \/>Von nun an spielte sich die Mannschaft. Nach Vorarbeit von Wladimir Schwanke erh\u00f6hte Alexander H\u00fcsken auf 0:2. Das 0:3 war eine Kopie des zweiten Tores, allerdings nur einer anderen Spielminute, n\u00e4mlich in der 35.<\/p>\r\n<p>Es h\u00e4tten noch mehr Tore bis zur Halbzeit fallen k\u00f6nnen, die der Schiedsrichter jedoch wegen angeblicher Abseitsstellung nicht anerkannte. Somit wurden beim Stand von 0:3 die Seiten gewechselt.<\/p>\r\n<p>Nach der Pause ergaben sich gro\u00dfe L\u00fccken, die der SVZ zu nutzen wusste. Das 0:4 fiel in der 62. Minute abermals durch Alexander H\u00fcsken nach starker Kombination \u00fcber Timon Reschke und Og\u00fcn S\u00f6nmez. Die Tore 5 und 6 in der 67. und 69. Minute erzielte der eingewechselte Jonas Naas, nach Flanke des eingewechselten Silvio Don Vizor (6:0) bzw. einer Pressingsituation (5:0).<\/p>\r\n<p>Ab der 75. Spielminute schalteten die Zweckeler einen Gang runter und der Gastgeber hatte auch nichts mehr zuzusetzen. Leider wurde die gute Verteidigung in der 88. doch noch einmal \u00fcberrumpelt, als der Ehrentreffer f\u00fcr die Hausherren fiel. Das war f\u00fcr Torwart Angelo Kuschel umso \u00e4rgerlicher, da er in der 80. Minute noch einen unberechtigten Foulelfmeter parierte und sich eine wei\u00dfe Weste verdient h\u00e4tte.<\/p>\r\n<p>Den Schlusspunkt setzte erneut Alexander H\u00fcsken mit seinem vierten Treffer des Tages, nach Vorarbeit durch Silvio Don Vizor. Das Trainergespann ist gl\u00fccklich \u00fcber die ersten drei Punkte und die von allen Mannschaftsteilen, \u00fcber weite Strecken des Spiels, gute und geschlossene Leistung als Team. Dennoch war es erst ein kleiner Schritt in Richtung Klassenerhalt. Die Zweckeler erwarten in den n\u00e4chsten Partien h\u00e4rtere Aufgaben, in denen 90 und nicht nur 75 Minuten alles gegeben werden muss.<\/p>\r\n<p>Mit dem Erfolgserlebnis im R\u00fccken und der mannschaftlichen Geschlossenheit vom Wochenende kann aber m\u00f6glicherweise auch in den kommenden Partien etwas mitgenommen werden.<\/p>\r\n","protected":false},"excerpt":{"rendered":"<p>Genclerbirligi Resse &#8211; SV Zweckel II 1:7 In den ersten 15 Minuten ging es hin und her. Die Unsicherheit durch die durchwachsene Vorbereitung merkte man der Mannschaft an. Es gab Chancen auf beiden Seiten. Torwart Angelo Kuschel zeigte sein K\u00f6nnen und verhinderte einen R\u00fcckstand. In der 20.\u00a0 Minute fiel das 0:1 f\u00fcr den Gast durch [&hellip;]<\/p>\n","protected":false},"author":3,"featured_media":13395,"comment_status":"open","ping_status":"open","sticky":false,"template":"","format":"standard","meta":{"_jetpack_memberships_contains_paid_content":false,"footnotes":"","jetpack_publicize_message":"","jetpack_publicize_feature_enabled":true,"jetpack_social_post_already_shared":false,"jetpack_social_options":{"image_generator_settings":{"template":"highway","default_image_id":0,"font":"","enabled":false},"version":2}},"categories":[20],"tags":[],"class_list":["post-13396","post","type-post","status-publish","format-standard","has-post-thumbnail","hentry","category-2-mannschaft"],"jetpack_publicize_connections":[],"jetpack_featured_media_url":"https:\/\/i0.wp.com\/www.svzweckel.de\/wp-content\/uploads\/2020\/09\/wp-15994201591506232171566658079361.jpg?fit=581%2C559&ssl=1","jetpack_sharing_enabled":true,"_links":{"self":[{"href":"https:\/\/www.svzweckel.de\/index.php?rest_route=\/wp\/v2\/posts\/13396","targetHints":{"allow":["GET"]}}],"collection":[{"href":"https:\/\/www.svzweckel.de\/index.php?rest_route=\/wp\/v2\/posts"}],"about":[{"href":"https:\/\/www.svzweckel.de\/index.php?rest_route=\/wp\/v2\/types\/post"}],"author":[{"embeddable":true,"href":"https:\/\/www.svzweckel.de\/index.php?rest_route=\/wp\/v2\/users\/3"}],"replies":[{"embeddable":true,"href":"https:\/\/www.svzweckel.de\/index.php?rest_route=%2Fwp%2Fv2%2Fcomments&post=13396"}],"version-history":[{"count":0,"href":"https:\/\/www.svzweckel.de\/index.php?rest_route=\/wp\/v2\/posts\/13396\/revisions"}],"wp:featuredmedia":[{"embeddable":true,"href":"https:\/\/www.svzweckel.de\/index.php?rest_route=\/wp\/v2\/media\/13395"}],"wp:attachment":[{"href":"https:\/\/www.svzweckel.de\/index.php?rest_route=%2Fwp%2Fv2%2Fmedia&parent=13396"}],"wp:term":[{"taxonomy":"category","embeddable":true,"href":"https:\/\/www.svzweckel.de\/index.php?rest_route=%2Fwp%2Fv2%2Fcategories&post=13396"},{"taxonomy":"post_tag","embeddable":true,"href":"https:\/\/www.svzweckel.de\/index.php?rest_route=%2Fwp%2Fv2%2Ftags&post=13396"}],"curies":[{"name":"wp","href":"https:\/\/api.w.org\/{rel}","templated":true}]}}