{"id":13400,"date":"2020-09-07T21:31:36","date_gmt":"2020-09-07T19:31:36","guid":{"rendered":"http:\/\/www.svzweckel.de\/?p=13400"},"modified":"2020-09-07T21:31:36","modified_gmt":"2020-09-07T19:31:36","slug":"neuer-trikotsponsor-fuer-die-erste","status":"publish","type":"post","link":"https:\/\/www.svzweckel.de\/?p=13400","title":{"rendered":"Neuer Trikotsponsor f\u00fcr die Erste"},"content":{"rendered":"<p>Vor dem ersten Heimspiel des SV Zweckel am Sonntag gegen Suderwich \u00fcberreichte Ralf Hesper von der Provinzial Versicherung &#8211; Ralf Hesper e. K., <span class=\"LrzXr\">Kampstr.2\/Ecke Hegestra\u00dfe, 45966 Gladbeck, dem Zweckeler Trainer das neue Heimtrikot.<\/span><\/p>\n<p><a href=\"https:\/\/i0.wp.com\/www.svzweckel.de\/wp-content\/uploads\/2020\/09\/DSC06731.jpg?ssl=1\"><img data-recalc-dims=\"1\" loading=\"lazy\" decoding=\"async\" class=\"aligncenter size-full wp-image-13402\" src=\"https:\/\/i0.wp.com\/www.svzweckel.de\/wp-content\/uploads\/2020\/09\/DSC06731.jpg?resize=640%2C426&#038;ssl=1\" alt=\"\" width=\"640\" height=\"426\" srcset=\"https:\/\/i0.wp.com\/www.svzweckel.de\/wp-content\/uploads\/2020\/09\/DSC06731.jpg?w=800&amp;ssl=1 800w, https:\/\/i0.wp.com\/www.svzweckel.de\/wp-content\/uploads\/2020\/09\/DSC06731.jpg?resize=300%2C200&amp;ssl=1 300w, https:\/\/i0.wp.com\/www.svzweckel.de\/wp-content\/uploads\/2020\/09\/DSC06731.jpg?resize=768%2C512&amp;ssl=1 768w, https:\/\/i0.wp.com\/www.svzweckel.de\/wp-content\/uploads\/2020\/09\/DSC06731.jpg?resize=150%2C100&amp;ssl=1 150w, https:\/\/i0.wp.com\/www.svzweckel.de\/wp-content\/uploads\/2020\/09\/DSC06731.jpg?resize=100%2C67&amp;ssl=1 100w, https:\/\/i0.wp.com\/www.svzweckel.de\/wp-content\/uploads\/2020\/09\/DSC06731.jpg?resize=50%2C33&amp;ssl=1 50w, https:\/\/i0.wp.com\/www.svzweckel.de\/wp-content\/uploads\/2020\/09\/DSC06731.jpg?resize=25%2C17&amp;ssl=1 25w, https:\/\/i0.wp.com\/www.svzweckel.de\/wp-content\/uploads\/2020\/09\/DSC06731.jpg?resize=480%2C320&amp;ssl=1 480w, https:\/\/i0.wp.com\/www.svzweckel.de\/wp-content\/uploads\/2020\/09\/DSC06731.jpg?resize=160%2C107&amp;ssl=1 160w\" sizes=\"auto, (max-width: 640px) 100vw, 640px\" \/><\/a><\/p>\n<p>Der SV Zweckel bedankt sich bei Ralf Hesper f\u00fcr die gro\u00dfartige Unterst\u00fctzung in schwierigen Zeiten.<\/p>\n","protected":false},"excerpt":{"rendered":"<p>Vor dem ersten Heimspiel des SV Zweckel am Sonntag gegen Suderwich \u00fcberreichte Ralf Hesper von der Provinzial Versicherung &#8211; Ralf Hesper e. K., Kampstr.2\/Ecke Hegestra\u00dfe, 45966 Gladbeck, dem Zweckeler Trainer das neue Heimtrikot. Der SV Zweckel bedankt sich bei Ralf Hesper f\u00fcr die gro\u00dfartige Unterst\u00fctzung in schwierigen Zeiten.<\/p>\n","protected":false},"author":3,"featured_media":13401,"comment_status":"open","ping_status":"open","sticky":false,"template":"","format":"standard","meta":{"_jetpack_memberships_contains_paid_content":false,"footnotes":"","jetpack_publicize_message":"","jetpack_publicize_feature_enabled":true,"jetpack_social_post_already_shared":false,"jetpack_social_options":{"image_generator_settings":{"template":"highway","default_image_id":0,"font":"","enabled":false},"version":2}},"categories":[2],"tags":[],"class_list":["post-13400","post","type-post","status-publish","format-standard","has-post-thumbnail","hentry","category-1-mannschaft"],"jetpack_publicize_connections":[],"jetpack_featured_media_url":"https:\/\/i0.wp.com\/www.svzweckel.de\/wp-content\/uploads\/2020\/09\/DSC06720.jpg?fit=800%2C533&ssl=1","jetpack_sharing_enabled":true,"_links":{"self":[{"href":"https:\/\/www.svzweckel.de\/index.php?rest_route=\/wp\/v2\/posts\/13400","targetHints":{"allow":["GET"]}}],"collection":[{"href":"https:\/\/www.svzweckel.de\/index.php?rest_route=\/wp\/v2\/posts"}],"about":[{"href":"https:\/\/www.svzweckel.de\/index.php?rest_route=\/wp\/v2\/types\/post"}],"author":[{"embeddable":true,"href":"https:\/\/www.svzweckel.de\/index.php?rest_route=\/wp\/v2\/users\/3"}],"replies":[{"embeddable":true,"href":"https:\/\/www.svzweckel.de\/index.php?rest_route=%2Fwp%2Fv2%2Fcomments&post=13400"}],"version-history":[{"count":0,"href":"https:\/\/www.svzweckel.de\/index.php?rest_route=\/wp\/v2\/posts\/13400\/revisions"}],"wp:featuredmedia":[{"embeddable":true,"href":"https:\/\/www.svzweckel.de\/index.php?rest_route=\/wp\/v2\/media\/13401"}],"wp:attachment":[{"href":"https:\/\/www.svzweckel.de\/index.php?rest_route=%2Fwp%2Fv2%2Fmedia&parent=13400"}],"wp:term":[{"taxonomy":"category","embeddable":true,"href":"https:\/\/www.svzweckel.de\/index.php?rest_route=%2Fwp%2Fv2%2Fcategories&post=13400"},{"taxonomy":"post_tag","embeddable":true,"href":"https:\/\/www.svzweckel.de\/index.php?rest_route=%2Fwp%2Fv2%2Ftags&post=13400"}],"curies":[{"name":"wp","href":"https:\/\/api.w.org\/{rel}","templated":true}]}}