{"id":13428,"date":"2020-09-10T19:04:35","date_gmt":"2020-09-10T17:04:35","guid":{"rendered":"http:\/\/www.svzweckel.de\/?p=13428"},"modified":"2020-09-10T19:04:35","modified_gmt":"2020-09-10T17:04:35","slug":"erstes-heimspiel-fuer-die-zweite","status":"publish","type":"post","link":"https:\/\/www.svzweckel.de\/?p=13428","title":{"rendered":"Erstes Heimspiel f\u00fcr die Zweite"},"content":{"rendered":"<p>Sonntag, 13.09.20, 15:00 Uhr: SV Zweckel II &#8211; VfB Kirchhellen II<\/p>\n<p>Eine Woche nach den ersten drei Punkten erhofft sich die Zweckeler Zweitvertretung auch im ersten Heimspiel ein Erfolgserlebnis.<br \/>\n&#8222;Im K\u00e4fig gegen eine spielerisch st\u00e4rkere Mannschaft wie Kirchhellen m\u00fcssen wir 90 Minuten pr\u00e4sent sein. Wir d\u00fcrfen uns und dem Gegner keine Verschnaufpause g\u00f6nnen.&#8220;, so Trainer Pfeng.<br \/>\nDass Kirchhellen eine st\u00e4rkerer Gegner ist und es somit schwerer wird Punkte zu ergattern, wei\u00df das Trainerduo Sievers\/Pfeng aber auch.<br \/>\nDennoch erhoffen sich die Gr\u00fcn-Schwarzen den positiven Elan aus der Vorwoche mitzunehmen und erneut zu punkten.<\/p>\n<p>Personell geht die Rochade der Vorwochen zumindest minimal weiter. W\u00e4hrend Lasse Neubauer zur\u00fcckkehrt, steht hinter Philipp Franzke und Jonas Naas noch ein Fragezeichen. Ansonsten steht der Kader wie am ersten Spieltag.<\/p>\n","protected":false},"excerpt":{"rendered":"<p>Sonntag, 13.09.20, 15:00 Uhr: SV Zweckel II &#8211; VfB Kirchhellen II Eine Woche nach den ersten drei Punkten erhofft sich die Zweckeler Zweitvertretung auch im ersten Heimspiel ein Erfolgserlebnis. &#8222;Im K\u00e4fig gegen eine spielerisch st\u00e4rkere Mannschaft wie Kirchhellen m\u00fcssen wir 90 Minuten pr\u00e4sent sein. Wir d\u00fcrfen uns und dem Gegner keine Verschnaufpause g\u00f6nnen.&#8220;, so Trainer [&hellip;]<\/p>\n","protected":false},"author":3,"featured_media":13430,"comment_status":"open","ping_status":"open","sticky":false,"template":"","format":"standard","meta":{"_jetpack_memberships_contains_paid_content":false,"footnotes":"","jetpack_publicize_message":"","jetpack_publicize_feature_enabled":true,"jetpack_social_post_already_shared":false,"jetpack_social_options":{"image_generator_settings":{"template":"highway","default_image_id":0,"font":"","enabled":false},"version":2}},"categories":[20],"tags":[],"class_list":["post-13428","post","type-post","status-publish","format-standard","has-post-thumbnail","hentry","category-2-mannschaft"],"jetpack_publicize_connections":[],"jetpack_featured_media_url":"https:\/\/i0.wp.com\/www.svzweckel.de\/wp-content\/uploads\/2020\/09\/Gencler.jpeg?fit=800%2C450&ssl=1","jetpack_sharing_enabled":true,"_links":{"self":[{"href":"https:\/\/www.svzweckel.de\/index.php?rest_route=\/wp\/v2\/posts\/13428","targetHints":{"allow":["GET"]}}],"collection":[{"href":"https:\/\/www.svzweckel.de\/index.php?rest_route=\/wp\/v2\/posts"}],"about":[{"href":"https:\/\/www.svzweckel.de\/index.php?rest_route=\/wp\/v2\/types\/post"}],"author":[{"embeddable":true,"href":"https:\/\/www.svzweckel.de\/index.php?rest_route=\/wp\/v2\/users\/3"}],"replies":[{"embeddable":true,"href":"https:\/\/www.svzweckel.de\/index.php?rest_route=%2Fwp%2Fv2%2Fcomments&post=13428"}],"version-history":[{"count":0,"href":"https:\/\/www.svzweckel.de\/index.php?rest_route=\/wp\/v2\/posts\/13428\/revisions"}],"wp:featuredmedia":[{"embeddable":true,"href":"https:\/\/www.svzweckel.de\/index.php?rest_route=\/wp\/v2\/media\/13430"}],"wp:attachment":[{"href":"https:\/\/www.svzweckel.de\/index.php?rest_route=%2Fwp%2Fv2%2Fmedia&parent=13428"}],"wp:term":[{"taxonomy":"category","embeddable":true,"href":"https:\/\/www.svzweckel.de\/index.php?rest_route=%2Fwp%2Fv2%2Fcategories&post=13428"},{"taxonomy":"post_tag","embeddable":true,"href":"https:\/\/www.svzweckel.de\/index.php?rest_route=%2Fwp%2Fv2%2Ftags&post=13428"}],"curies":[{"name":"wp","href":"https:\/\/api.w.org\/{rel}","templated":true}]}}