{"id":13431,"date":"2020-09-11T14:41:03","date_gmt":"2020-09-11T12:41:03","guid":{"rendered":"http:\/\/www.svzweckel.de\/?p=13431"},"modified":"2020-09-11T14:41:03","modified_gmt":"2020-09-11T12:41:03","slug":"erstes-auswaertsspiel-in-disteln","status":"publish","type":"post","link":"https:\/\/www.svzweckel.de\/?p=13431","title":{"rendered":"Erstes Ausw\u00e4rtsspiel in Disteln"},"content":{"rendered":"<p>Sonntag, 13.09.20, 15:00 Uhr: SV Vestia Disteln &#8211; SV Zweckel<\/p>\n<p>Der SV Zweckel muss am kommenden Sonntag sein erstes Ausw\u00e4rtsspiel in Disteln bestreiten und hat an diese Partie aus dem letzten Jahr nicht die besten Erinnerungen. In der letzten Saison mussten die Schwarz-Gr\u00fcnen auch beim damaligen\u00a0Aufstiegsfavoriten in Herten ran und leisteten sich dort einen desolaten Auftritt und verloren mit 9:0 auch in der H\u00f6he mehr als verdient. Als Konsequenz trat der damalige Trainer Michael Pannebecker zur\u00fcck.<\/p>\n<p>So einen Auftritt werden die ZweckelerAnh\u00e4nger hoffentlich so schnell nie wieder erleben m\u00fcssen, wenn auch der Gastgeber als Favorit in die Partie geht. Disteln gewann das Auftaktspiel durch zwei fr\u00fche Tore bei Westfalia Gelsenkirchen mit 0:2.<\/p>\n<p>Die Zweckeler m\u00fcssen in den beiden kommenden Spielen mit Disteln dem FC Marl zwei harte N\u00fcsse knacken. Sollte die Abwehr wie im ersten Spiel gut stehen, darf die Offensive gerne noch etwas kreativer und durschlagskr\u00e4ftiger werden, damit es auch mit dem esten Tor in der neuen Saison etwas wird.<\/p>\n<p>Adresse:<br \/>\nKunstrasenplatz, Sportanlage Gesamstschule Herten-Disteln II, Fritz-Erler-Stra\u00dfe, 45701 Herten<\/p>\n","protected":false},"excerpt":{"rendered":"<p>Sonntag, 13.09.20, 15:00 Uhr: SV Vestia Disteln &#8211; SV Zweckel Der SV Zweckel muss am kommenden Sonntag sein erstes Ausw\u00e4rtsspiel in Disteln bestreiten und hat an diese Partie aus dem letzten Jahr nicht die besten Erinnerungen. In der letzten Saison mussten die Schwarz-Gr\u00fcnen auch beim damaligen\u00a0Aufstiegsfavoriten in Herten ran und leisteten sich dort einen desolaten [&hellip;]<\/p>\n","protected":false},"author":3,"featured_media":13404,"comment_status":"open","ping_status":"open","sticky":false,"template":"","format":"standard","meta":{"_jetpack_memberships_contains_paid_content":false,"footnotes":"","jetpack_publicize_message":"","jetpack_publicize_feature_enabled":true,"jetpack_social_post_already_shared":false,"jetpack_social_options":{"image_generator_settings":{"template":"highway","default_image_id":0,"font":"","enabled":false},"version":2}},"categories":[2],"tags":[],"class_list":["post-13431","post","type-post","status-publish","format-standard","has-post-thumbnail","hentry","category-1-mannschaft"],"jetpack_publicize_connections":[],"jetpack_featured_media_url":"https:\/\/i0.wp.com\/www.svzweckel.de\/wp-content\/uploads\/2020\/09\/DSC06738.jpg?fit=800%2C533&ssl=1","jetpack_sharing_enabled":true,"_links":{"self":[{"href":"https:\/\/www.svzweckel.de\/index.php?rest_route=\/wp\/v2\/posts\/13431","targetHints":{"allow":["GET"]}}],"collection":[{"href":"https:\/\/www.svzweckel.de\/index.php?rest_route=\/wp\/v2\/posts"}],"about":[{"href":"https:\/\/www.svzweckel.de\/index.php?rest_route=\/wp\/v2\/types\/post"}],"author":[{"embeddable":true,"href":"https:\/\/www.svzweckel.de\/index.php?rest_route=\/wp\/v2\/users\/3"}],"replies":[{"embeddable":true,"href":"https:\/\/www.svzweckel.de\/index.php?rest_route=%2Fwp%2Fv2%2Fcomments&post=13431"}],"version-history":[{"count":0,"href":"https:\/\/www.svzweckel.de\/index.php?rest_route=\/wp\/v2\/posts\/13431\/revisions"}],"wp:featuredmedia":[{"embeddable":true,"href":"https:\/\/www.svzweckel.de\/index.php?rest_route=\/wp\/v2\/media\/13404"}],"wp:attachment":[{"href":"https:\/\/www.svzweckel.de\/index.php?rest_route=%2Fwp%2Fv2%2Fmedia&parent=13431"}],"wp:term":[{"taxonomy":"category","embeddable":true,"href":"https:\/\/www.svzweckel.de\/index.php?rest_route=%2Fwp%2Fv2%2Fcategories&post=13431"},{"taxonomy":"post_tag","embeddable":true,"href":"https:\/\/www.svzweckel.de\/index.php?rest_route=%2Fwp%2Fv2%2Ftags&post=13431"}],"curies":[{"name":"wp","href":"https:\/\/api.w.org\/{rel}","templated":true}]}}