{"id":13458,"date":"2020-09-13T21:08:27","date_gmt":"2020-09-13T19:08:27","guid":{"rendered":"http:\/\/www.svzweckel.de\/?p=13458"},"modified":"2020-09-13T21:08:27","modified_gmt":"2020-09-13T19:08:27","slug":"endspurt-bringt-das-unentschieden","status":"publish","type":"post","link":"https:\/\/www.svzweckel.de\/?p=13458","title":{"rendered":"Endspurt bringt das Unentschieden"},"content":{"rendered":"<p>SV Vestia Disteln &#8211; SV Zweckel 2:2 (1:0)<\/p>\n<p>Vor dem Spiel waren die Vorzeichen eher auf Sieg f\u00fcr den Gastgeber gestellt. Doch diese \u00e4nderten sich nach gut vier Minuten, da Disteln sich durch eine Notbremse selbst dezimierte. Danach zogen sich die Hertener zur\u00fcck und \u00fcberlie\u00dfen dem Gast das Spiel. Doch damit hatten die Schwarz-Gr\u00fcnen so ihre Probleme, denn sie agierten mehr als umst\u00e4ndlich. Disteln beschr\u00e4nkte sich aufs Kontern, konnte allerdings auch nur selten erfolgversprechend nach vorne agieren.<\/p>\n<p>In der 39. Minute zog ein G\u00e4stespieler aus 30m ab und der Ball wurde vom starken Sebastian Hagemeister leider mit dem Kopf unhaltbar ins eigene Tor abgelenkt. Der Gastgeber f\u00fchrte mehr als \u00fcberraschend und brachte diese F\u00fchrung auch bis zur Halbzeit \u00fcber die Runden.<\/p>\n<p>Nach dem Wechsel wurden die Schwarz-Gr\u00fcnen zielstrebiger und Trainer Guido Naumann brachte mit Yasin Karaca f\u00fcr Fabian Brom und Sebastian Waldner f\u00fcr Pasvalis Terzis frische Kr\u00e4fte f\u00fcr die Offensive. Doch direkt danach fiel in der 67. Minute das 2:0 f\u00fcr die Gastgeber und die Partie schien verloren. Doch die G\u00e4ste gaben nicht auf und warfen nun alles nach vorne. In der 87. Minut erzielte Sebastian Hagemeister durch einen Schuss aus 25 Metern den Anschlusstreffer und nur eine Minute sp\u00e4ter erzielte Jan Schwers aus dem Gew\u00fchl heraus den hochverdienten Ausgleich.<\/p>\n<p>In den verbliebenen Minuten h\u00e4tten die Zweckeler bei drei hochkar\u00e4tigen Chancen durchaus noch den Siegtreffer erzielen k\u00f6nnen, das w\u00e4re aber des Guten m\u00f6glicherweise zu viel gewesen. Wenn man Trainer Guido Naumann vor dem Spiel gefragt h\u00e4tte, w\u00e4re er mit einem Punkt sicher zufrieden gewesen. Dem Spielverlauf nach k\u00f6nnen und m\u00fcssen die Zweckeler wohl mit dem Punkt zufrieden sein.<\/p>\n<p>Am kommenden Sonntag treffen die Schwarz-Gr\u00fcnen auf den weiteren Aufstiegsfavoriten FC Marl, der sich nach zwei Siegen schon in der N\u00e4he der Tabellenspitze eingenistet hat.<\/p>\n","protected":false},"excerpt":{"rendered":"<p>SV Vestia Disteln &#8211; SV Zweckel 2:2 (1:0) Vor dem Spiel waren die Vorzeichen eher auf Sieg f\u00fcr den Gastgeber gestellt. Doch diese \u00e4nderten sich nach gut vier Minuten, da Disteln sich durch eine Notbremse selbst dezimierte. Danach zogen sich die Hertener zur\u00fcck und \u00fcberlie\u00dfen dem Gast das Spiel. Doch damit hatten die Schwarz-Gr\u00fcnen so [&hellip;]<\/p>\n","protected":false},"author":3,"featured_media":13459,"comment_status":"open","ping_status":"open","sticky":false,"template":"","format":"standard","meta":{"_jetpack_memberships_contains_paid_content":false,"footnotes":"","jetpack_publicize_message":"","jetpack_publicize_feature_enabled":true,"jetpack_social_post_already_shared":false,"jetpack_social_options":{"image_generator_settings":{"template":"highway","default_image_id":0,"font":"","enabled":false},"version":2}},"categories":[2],"tags":[],"class_list":["post-13458","post","type-post","status-publish","format-standard","has-post-thumbnail","hentry","category-1-mannschaft"],"jetpack_publicize_connections":[],"jetpack_featured_media_url":"https:\/\/i0.wp.com\/www.svzweckel.de\/wp-content\/uploads\/2020\/09\/DSC06754.jpg?fit=800%2C533&ssl=1","jetpack_sharing_enabled":true,"_links":{"self":[{"href":"https:\/\/www.svzweckel.de\/index.php?rest_route=\/wp\/v2\/posts\/13458","targetHints":{"allow":["GET"]}}],"collection":[{"href":"https:\/\/www.svzweckel.de\/index.php?rest_route=\/wp\/v2\/posts"}],"about":[{"href":"https:\/\/www.svzweckel.de\/index.php?rest_route=\/wp\/v2\/types\/post"}],"author":[{"embeddable":true,"href":"https:\/\/www.svzweckel.de\/index.php?rest_route=\/wp\/v2\/users\/3"}],"replies":[{"embeddable":true,"href":"https:\/\/www.svzweckel.de\/index.php?rest_route=%2Fwp%2Fv2%2Fcomments&post=13458"}],"version-history":[{"count":0,"href":"https:\/\/www.svzweckel.de\/index.php?rest_route=\/wp\/v2\/posts\/13458\/revisions"}],"wp:featuredmedia":[{"embeddable":true,"href":"https:\/\/www.svzweckel.de\/index.php?rest_route=\/wp\/v2\/media\/13459"}],"wp:attachment":[{"href":"https:\/\/www.svzweckel.de\/index.php?rest_route=%2Fwp%2Fv2%2Fmedia&parent=13458"}],"wp:term":[{"taxonomy":"category","embeddable":true,"href":"https:\/\/www.svzweckel.de\/index.php?rest_route=%2Fwp%2Fv2%2Fcategories&post=13458"},{"taxonomy":"post_tag","embeddable":true,"href":"https:\/\/www.svzweckel.de\/index.php?rest_route=%2Fwp%2Fv2%2Ftags&post=13458"}],"curies":[{"name":"wp","href":"https:\/\/api.w.org\/{rel}","templated":true}]}}