{"id":13462,"date":"2020-09-14T20:09:44","date_gmt":"2020-09-14T18:09:44","guid":{"rendered":"http:\/\/www.svzweckel.de\/?p=13462"},"modified":"2020-09-14T20:09:44","modified_gmt":"2020-09-14T18:09:44","slug":"der-naechste-punkt-im-kampf-gegen-den-abstieg","status":"publish","type":"post","link":"https:\/\/www.svzweckel.de\/?p=13462","title":{"rendered":"Der n\u00e4chste Punkt im Kampf gegen den Abstieg"},"content":{"rendered":"<p>SV Zweckel II &#8211; VfB Kirchhellen II 1:1 (1:1)<\/p>\n<p>Es war kein Spiel f\u00fcr Fu\u00dfball\u00e4stheten, daf\u00fcr boten beiden Mannschaften aber \u00fcber 90 Minuten Spannung und Kampf. Die Gastgeber fanden nicht gut ins Spiel und gerieten bereits in der 9. Spielminute nach einer Freisto\u00dfsituation in R\u00fcckstand.<\/p>\n<p>Nur sechs Minuten sp\u00e4ter wurde Wladimir Schwanke nach einer Einzelaktion im Strafraum gefoult. Den f\u00e4lligen Strafsto\u00df hielt der Kirchhellener Keeper, doch der Gefoulte, der selbst zur Ausf\u00fchrung angetreten war, konnte den Nachschuss erfolgreich in die Maschen versenken.<br \/>\nNun war Zweckel aber im Spiel und lieferte bis zum Schluss einen gro\u00dfen Fight. Der Zweckeler Torh\u00fcter Angelo Kuschel hielt die Seinen ebenso\u00a0 wie die Verteidigungim zweiten Durchgang im Spiel, bevor die Gastgeber in der letzten Viertelstunde wieder selbst noch einige gute M\u00f6glichkeiten erspielten.<br \/>\nDas Spiel h\u00e4tte zumin beide Richtungen entschieden werden k\u00f6nnen, sodass das Ergebnis letztlich gerecht ist.<br \/>\n&#8211; Unbegreiflich waren jedoch \u00fcber die 90 Minuten hinweg einige unsch\u00f6ne Szenen, angef\u00fchrt von zwei glasklaren T\u00e4tlichkeiten des Kirchhellener Kapit\u00e4ns und einer T\u00e4tlichkeit in Wrestlingmanier eines VfB Verteidigers. Unsere Spieler konnten die Partie nur sichtlich angeschlagen fortsetzen, w\u00e4hrend die f\u00e4lligen Feldverweise ausblieben.<br \/>\nAuch in einem hitzigen Spiel geh\u00f6ren solche Aktionen nicht zum Fu\u00dfball.<\/p>\n","protected":false},"excerpt":{"rendered":"<p>SV Zweckel II &#8211; VfB Kirchhellen II 1:1 (1:1) Es war kein Spiel f\u00fcr Fu\u00dfball\u00e4stheten, daf\u00fcr boten beiden Mannschaften aber \u00fcber 90 Minuten Spannung und Kampf. Die Gastgeber fanden nicht gut ins Spiel und gerieten bereits in der 9. Spielminute nach einer Freisto\u00dfsituation in R\u00fcckstand. Nur sechs Minuten sp\u00e4ter wurde Wladimir Schwanke nach einer Einzelaktion [&hellip;]<\/p>\n","protected":false},"author":3,"featured_media":13461,"comment_status":"open","ping_status":"open","sticky":false,"template":"","format":"standard","meta":{"_jetpack_memberships_contains_paid_content":false,"footnotes":"","jetpack_publicize_message":"","jetpack_publicize_feature_enabled":true,"jetpack_social_post_already_shared":false,"jetpack_social_options":{"image_generator_settings":{"template":"highway","default_image_id":0,"font":"","enabled":false},"version":2}},"categories":[2],"tags":[],"class_list":["post-13462","post","type-post","status-publish","format-standard","has-post-thumbnail","hentry","category-1-mannschaft"],"jetpack_publicize_connections":[],"jetpack_featured_media_url":"https:\/\/i0.wp.com\/www.svzweckel.de\/wp-content\/uploads\/2020\/09\/wp-16001054107067522645288269172396.jpg?fit=1600%2C1200&ssl=1","jetpack_sharing_enabled":true,"_links":{"self":[{"href":"https:\/\/www.svzweckel.de\/index.php?rest_route=\/wp\/v2\/posts\/13462","targetHints":{"allow":["GET"]}}],"collection":[{"href":"https:\/\/www.svzweckel.de\/index.php?rest_route=\/wp\/v2\/posts"}],"about":[{"href":"https:\/\/www.svzweckel.de\/index.php?rest_route=\/wp\/v2\/types\/post"}],"author":[{"embeddable":true,"href":"https:\/\/www.svzweckel.de\/index.php?rest_route=\/wp\/v2\/users\/3"}],"replies":[{"embeddable":true,"href":"https:\/\/www.svzweckel.de\/index.php?rest_route=%2Fwp%2Fv2%2Fcomments&post=13462"}],"version-history":[{"count":0,"href":"https:\/\/www.svzweckel.de\/index.php?rest_route=\/wp\/v2\/posts\/13462\/revisions"}],"wp:featuredmedia":[{"embeddable":true,"href":"https:\/\/www.svzweckel.de\/index.php?rest_route=\/wp\/v2\/media\/13461"}],"wp:attachment":[{"href":"https:\/\/www.svzweckel.de\/index.php?rest_route=%2Fwp%2Fv2%2Fmedia&parent=13462"}],"wp:term":[{"taxonomy":"category","embeddable":true,"href":"https:\/\/www.svzweckel.de\/index.php?rest_route=%2Fwp%2Fv2%2Fcategories&post=13462"},{"taxonomy":"post_tag","embeddable":true,"href":"https:\/\/www.svzweckel.de\/index.php?rest_route=%2Fwp%2Fv2%2Ftags&post=13462"}],"curies":[{"name":"wp","href":"https:\/\/api.w.org\/{rel}","templated":true}]}}