{"id":13467,"date":"2020-09-18T19:10:03","date_gmt":"2020-09-18T17:10:03","guid":{"rendered":"http:\/\/www.svzweckel.de\/?p=13467"},"modified":"2020-09-18T19:10:03","modified_gmt":"2020-09-18T17:10:03","slug":"derby-im-wittringer-wald","status":"publish","type":"post","link":"https:\/\/www.svzweckel.de\/?p=13467","title":{"rendered":"Derby im Wittringer Wald"},"content":{"rendered":"<p>Sonntag, 20.09.20, 15:00 Uhr: Adler Ellinghorst &#8211; SV Zweckel II<\/p>\n<p>Am Sonntag findet das erste Gladbecker Derby f\u00fcr die neu formierte Zweite des SVZ statt. Trainer Perry Pfeng hat Ellinghorst in der Vorbereitung einmal beobachtet und war von der spielerischen Klasse beeindruckt. Deshalb sch\u00e4tzt er den sonnt\u00e4glichen Gegner als den bisher st\u00e4rksten ein.<\/p>\n<p>Doch die\u00a0 Schwarz-Gr\u00fcnen gehen nicht chancenlos in das Spiel und erhoffen sich, dass sie auch dort punkten k\u00f6nnen. Daf\u00fcr bedarf es aber eines Mixes aus den ersten beiden Spielen. Zum Einen sollten die spielerischen Elemente aus dem Spiel bei Genclerbirligi und der Kampf aus dem Spiel gegen Kirchhellen gezeigt werden, um erfolgreich zu sein.<\/p>\n<p>Die Personalsituation ist etwas eingeschr\u00e4nkt, denn Lasse Neubauer ist aus pers\u00f6nlichen Gr\u00fcnden nicht mit von der Partie und Joris Broermann hat sich gegen Kirchhellen nach einer T\u00e4tlichkeit eine Rippe gebrochen und eine Rippe angebrochen und f\u00e4llt somit l\u00e4nger aus. Hinter dem Einsatz von Philipp Franzke steht noch ein Fragezeichen.<br \/>\nM\u00f6glicherweise stehen allerdings bereits zwei Neuzug\u00e4nge im Kader, welche diese Woche erstmals mittrainierten.<\/p>\n","protected":false},"excerpt":{"rendered":"<p>Sonntag, 20.09.20, 15:00 Uhr: Adler Ellinghorst &#8211; SV Zweckel II Am Sonntag findet das erste Gladbecker Derby f\u00fcr die neu formierte Zweite des SVZ statt. Trainer Perry Pfeng hat Ellinghorst in der Vorbereitung einmal beobachtet und war von der spielerischen Klasse beeindruckt. Deshalb sch\u00e4tzt er den sonnt\u00e4glichen Gegner als den bisher st\u00e4rksten ein. Doch die\u00a0 [&hellip;]<\/p>\n","protected":false},"author":3,"featured_media":13469,"comment_status":"open","ping_status":"open","sticky":false,"template":"","format":"standard","meta":{"_jetpack_memberships_contains_paid_content":false,"footnotes":"","jetpack_publicize_message":"","jetpack_publicize_feature_enabled":true,"jetpack_social_post_already_shared":false,"jetpack_social_options":{"image_generator_settings":{"template":"highway","default_image_id":0,"font":"","enabled":false},"version":2}},"categories":[2,20],"tags":[],"class_list":["post-13467","post","type-post","status-publish","format-standard","has-post-thumbnail","hentry","category-1-mannschaft","category-2-mannschaft"],"jetpack_publicize_connections":[],"jetpack_featured_media_url":"https:\/\/i0.wp.com\/www.svzweckel.de\/wp-content\/uploads\/2020\/09\/Elfmeter.jpg?fit=800%2C534&ssl=1","jetpack_sharing_enabled":true,"_links":{"self":[{"href":"https:\/\/www.svzweckel.de\/index.php?rest_route=\/wp\/v2\/posts\/13467","targetHints":{"allow":["GET"]}}],"collection":[{"href":"https:\/\/www.svzweckel.de\/index.php?rest_route=\/wp\/v2\/posts"}],"about":[{"href":"https:\/\/www.svzweckel.de\/index.php?rest_route=\/wp\/v2\/types\/post"}],"author":[{"embeddable":true,"href":"https:\/\/www.svzweckel.de\/index.php?rest_route=\/wp\/v2\/users\/3"}],"replies":[{"embeddable":true,"href":"https:\/\/www.svzweckel.de\/index.php?rest_route=%2Fwp%2Fv2%2Fcomments&post=13467"}],"version-history":[{"count":0,"href":"https:\/\/www.svzweckel.de\/index.php?rest_route=\/wp\/v2\/posts\/13467\/revisions"}],"wp:featuredmedia":[{"embeddable":true,"href":"https:\/\/www.svzweckel.de\/index.php?rest_route=\/wp\/v2\/media\/13469"}],"wp:attachment":[{"href":"https:\/\/www.svzweckel.de\/index.php?rest_route=%2Fwp%2Fv2%2Fmedia&parent=13467"}],"wp:term":[{"taxonomy":"category","embeddable":true,"href":"https:\/\/www.svzweckel.de\/index.php?rest_route=%2Fwp%2Fv2%2Fcategories&post=13467"},{"taxonomy":"post_tag","embeddable":true,"href":"https:\/\/www.svzweckel.de\/index.php?rest_route=%2Fwp%2Fv2%2Ftags&post=13467"}],"curies":[{"name":"wp","href":"https:\/\/api.w.org\/{rel}","templated":true}]}}