{"id":13470,"date":"2020-09-18T19:42:48","date_gmt":"2020-09-18T17:42:48","guid":{"rendered":"http:\/\/www.svzweckel.de\/?p=13470"},"modified":"2020-09-18T19:42:48","modified_gmt":"2020-09-18T17:42:48","slug":"gegen-den-naechsen-titelanwaerter","status":"publish","type":"post","link":"https:\/\/www.svzweckel.de\/?p=13470","title":{"rendered":"Gegen den n\u00e4chsen Titelanw\u00e4rter"},"content":{"rendered":"<p>Sonntag, 20.09.20, 15:00 Uhr: SV Zweckel &#8211; FC Marl<\/p>\n<p>Nach zwei Spielen stehen f\u00fcr den SV Zweckel zwei Punkte zu Buche. Nach der kleinen Entt\u00e4uschung im ersten Spiel gegen Suderwich konnten die Schwarz-Gr\u00fcnen am letzten Sonntag mit einem 2:2 in Disteln \u00fcberraschen. Mit dem FC Marl stellt sich ein Top-Team an der Dorstener Stra\u00dfe vor, welches die ersten beiden Spiele gewann und demnach schon wieder auf dem dritten Tabellenplatz zu finden ist.<\/p>\n<p>Der Kader der Marler ist gespickt mit guten Einzelspielern, die teilweise auch schon in der Westfalen- und Oberliga Erfahrung gesammelt haben. Trainer Guido Naumann wei\u00df um die Qualit\u00e4t des Gegners und hat viel Respekt vor den Marlern.<\/p>\n<p>Zurzeit bereitet ihm lediglich der Sturm etwas Probleme, da die Offensivabteilung die Abg\u00e4nge von Kutsal T\u00fcrkel und Alexander Tschalumjan noch nicht ganz kompensiert hat. Hinzu kommt noch, dass Pascalis Terzis am Sonntag nicht zur Verf\u00fcgung steht und somit die offensiven Alternativen fehlen.<\/p>\n<p>Die Defensivabteilung dagegen stand in den vergangenen Spielen ziemlich gut, muss aber am Sonntag sicher Schwerstarbeit verrichten, um gegen Marl auch zu bestehen. Die Gastgeber m\u00fcssen einen guten Tag erwischen und insbesondere k\u00e4mpferisch alles geben, um gegen den Aufstiegsfavoriten zu bestehen.<\/p>\n","protected":false},"excerpt":{"rendered":"<p>Sonntag, 20.09.20, 15:00 Uhr: SV Zweckel &#8211; FC Marl Nach zwei Spielen stehen f\u00fcr den SV Zweckel zwei Punkte zu Buche. Nach der kleinen Entt\u00e4uschung im ersten Spiel gegen Suderwich konnten die Schwarz-Gr\u00fcnen am letzten Sonntag mit einem 2:2 in Disteln \u00fcberraschen. Mit dem FC Marl stellt sich ein Top-Team an der Dorstener Stra\u00dfe vor, [&hellip;]<\/p>\n","protected":false},"author":3,"featured_media":13472,"comment_status":"open","ping_status":"open","sticky":false,"template":"","format":"standard","meta":{"_jetpack_memberships_contains_paid_content":false,"footnotes":"","jetpack_publicize_message":"","jetpack_publicize_feature_enabled":true,"jetpack_social_post_already_shared":false,"jetpack_social_options":{"image_generator_settings":{"template":"highway","default_image_id":0,"font":"","enabled":false},"version":2}},"categories":[2],"tags":[],"class_list":["post-13470","post","type-post","status-publish","format-standard","has-post-thumbnail","hentry","category-1-mannschaft"],"jetpack_publicize_connections":[],"jetpack_featured_media_url":"https:\/\/i0.wp.com\/www.svzweckel.de\/wp-content\/uploads\/2020\/09\/DSC06749-1.jpg?fit=800%2C533&ssl=1","jetpack_sharing_enabled":true,"_links":{"self":[{"href":"https:\/\/www.svzweckel.de\/index.php?rest_route=\/wp\/v2\/posts\/13470","targetHints":{"allow":["GET"]}}],"collection":[{"href":"https:\/\/www.svzweckel.de\/index.php?rest_route=\/wp\/v2\/posts"}],"about":[{"href":"https:\/\/www.svzweckel.de\/index.php?rest_route=\/wp\/v2\/types\/post"}],"author":[{"embeddable":true,"href":"https:\/\/www.svzweckel.de\/index.php?rest_route=\/wp\/v2\/users\/3"}],"replies":[{"embeddable":true,"href":"https:\/\/www.svzweckel.de\/index.php?rest_route=%2Fwp%2Fv2%2Fcomments&post=13470"}],"version-history":[{"count":0,"href":"https:\/\/www.svzweckel.de\/index.php?rest_route=\/wp\/v2\/posts\/13470\/revisions"}],"wp:featuredmedia":[{"embeddable":true,"href":"https:\/\/www.svzweckel.de\/index.php?rest_route=\/wp\/v2\/media\/13472"}],"wp:attachment":[{"href":"https:\/\/www.svzweckel.de\/index.php?rest_route=%2Fwp%2Fv2%2Fmedia&parent=13470"}],"wp:term":[{"taxonomy":"category","embeddable":true,"href":"https:\/\/www.svzweckel.de\/index.php?rest_route=%2Fwp%2Fv2%2Fcategories&post=13470"},{"taxonomy":"post_tag","embeddable":true,"href":"https:\/\/www.svzweckel.de\/index.php?rest_route=%2Fwp%2Fv2%2Ftags&post=13470"}],"curies":[{"name":"wp","href":"https:\/\/api.w.org\/{rel}","templated":true}]}}