{"id":13473,"date":"2020-09-20T20:51:09","date_gmt":"2020-09-20T18:51:09","guid":{"rendered":"http:\/\/www.svzweckel.de\/?p=13473"},"modified":"2020-09-20T20:51:09","modified_gmt":"2020-09-20T18:51:09","slug":"das-dritte-unentschieden-in-folge","status":"publish","type":"post","link":"https:\/\/www.svzweckel.de\/?p=13473","title":{"rendered":"Das dritte Unentschieden in Folge"},"content":{"rendered":"<p>SV Zweckel &#8211; FC\u00a0 Marl 0:0<\/p>\n<p>Vor dem Spiel w\u00e4ren viele Anh\u00e4nger des SV Zweckel m\u00f6glicherweise mit einem Unentschieden zufrieden gewesen. Nach dem Spiel sahen zumindest die Fans der Schwarz-Gr\u00fcnen das wahrscheinlich anders.<\/p>\n<p>Es ging munter los an der Dorstener Stra\u00dfe. Der Gastgeber spielte mutig nach vorne und hatte bereits nach vier Minuten das 1:0 auf dem Fuss, scheiterte allerdings knapp. Die G\u00e4ste, immerhin als einer der Aufstiegsfavoriten in der Bezirksliga gehandelt, wurden diesen Ambitionen nur selten gerecht. Die Torchancen der Marler konnten an einer Hand abgez\u00e4hlt werden. Auf der anderen Seite die Mannschaft von Guido Naumann, welche die gesamte Partie mit viel Leidenschaft und Engagement bestritt und den Gast immer wieder vor Probleme stellte.<\/p>\n<p>Leider sollte sich jedoch kein echtes Erfolgserlebnis einstellen, zumal die Zweckeler ab der 50. Minute in Unterzahl spielten. German Prudetskiy, der bis dato insbesondere durch robuste Zweik\u00e4mpfe f\u00fcr ein \u00dcbergewicht der Gastgeber im Mittelfeld gesorgt hatte, musste nach einem Tackling mit einer gelb-roten Karte das Spielfeld verlassen. Im Gegensatz zu den vergangenen Jahren lie\u00dfen die Gastgeber in ihren Bem\u00fchungen nach vorne jedoch nicht nach, sondern spielten einige schnelle Konter, die jedoch alle nicht zum Erfolg f\u00fchrten. Entweder wurden die letzten P\u00e4sse zu schlampig gespielt oder es wurden die falschen Entscheigungen\u00a0 getroffen.<\/p>\n<p>Die Zweckeler waren dem Siegtreffer immer n\u00e4her als die Marler und hielten trotz Unterzahl auch konditionell auffallend gut dagegen. Die Abwehr stand &#8211; wie in den vergangenen Spielen auch &#8211; wieder hervorragend und lie\u00df kaum Torchancen zu, lediglich die Offensive d\u00fcrfte das ein oder andere Mal etwas gef\u00e4hrlicher auftreten, dann klappt es auch mit dem ersten Sieg.<\/p>\n","protected":false},"excerpt":{"rendered":"<p>SV Zweckel &#8211; FC\u00a0 Marl 0:0 Vor dem Spiel w\u00e4ren viele Anh\u00e4nger des SV Zweckel m\u00f6glicherweise mit einem Unentschieden zufrieden gewesen. Nach dem Spiel sahen zumindest die Fans der Schwarz-Gr\u00fcnen das wahrscheinlich anders. Es ging munter los an der Dorstener Stra\u00dfe. Der Gastgeber spielte mutig nach vorne und hatte bereits nach vier Minuten das 1:0 [&hellip;]<\/p>\n","protected":false},"author":3,"featured_media":13476,"comment_status":"open","ping_status":"open","sticky":false,"template":"","format":"standard","meta":{"_jetpack_memberships_contains_paid_content":false,"footnotes":"","jetpack_publicize_message":"","jetpack_publicize_feature_enabled":true,"jetpack_social_post_already_shared":false,"jetpack_social_options":{"image_generator_settings":{"template":"highway","default_image_id":0,"font":"","enabled":false},"version":2}},"categories":[2],"tags":[],"class_list":["post-13473","post","type-post","status-publish","format-standard","has-post-thumbnail","hentry","category-1-mannschaft"],"jetpack_publicize_connections":[],"jetpack_featured_media_url":"https:\/\/i0.wp.com\/www.svzweckel.de\/wp-content\/uploads\/2020\/09\/DSC06800.jpg?fit=800%2C533&ssl=1","jetpack_sharing_enabled":true,"_links":{"self":[{"href":"https:\/\/www.svzweckel.de\/index.php?rest_route=\/wp\/v2\/posts\/13473","targetHints":{"allow":["GET"]}}],"collection":[{"href":"https:\/\/www.svzweckel.de\/index.php?rest_route=\/wp\/v2\/posts"}],"about":[{"href":"https:\/\/www.svzweckel.de\/index.php?rest_route=\/wp\/v2\/types\/post"}],"author":[{"embeddable":true,"href":"https:\/\/www.svzweckel.de\/index.php?rest_route=\/wp\/v2\/users\/3"}],"replies":[{"embeddable":true,"href":"https:\/\/www.svzweckel.de\/index.php?rest_route=%2Fwp%2Fv2%2Fcomments&post=13473"}],"version-history":[{"count":0,"href":"https:\/\/www.svzweckel.de\/index.php?rest_route=\/wp\/v2\/posts\/13473\/revisions"}],"wp:featuredmedia":[{"embeddable":true,"href":"https:\/\/www.svzweckel.de\/index.php?rest_route=\/wp\/v2\/media\/13476"}],"wp:attachment":[{"href":"https:\/\/www.svzweckel.de\/index.php?rest_route=%2Fwp%2Fv2%2Fmedia&parent=13473"}],"wp:term":[{"taxonomy":"category","embeddable":true,"href":"https:\/\/www.svzweckel.de\/index.php?rest_route=%2Fwp%2Fv2%2Fcategories&post=13473"},{"taxonomy":"post_tag","embeddable":true,"href":"https:\/\/www.svzweckel.de\/index.php?rest_route=%2Fwp%2Fv2%2Ftags&post=13473"}],"curies":[{"name":"wp","href":"https:\/\/api.w.org\/{rel}","templated":true}]}}