{"id":13480,"date":"2020-09-21T19:37:32","date_gmt":"2020-09-21T17:37:32","guid":{"rendered":"http:\/\/www.svzweckel.de\/?p=13480"},"modified":"2020-09-21T19:37:32","modified_gmt":"2020-09-21T17:37:32","slug":"pokalspiel-im-gelsenkirchener-sueden","status":"publish","type":"post","link":"https:\/\/www.svzweckel.de\/?p=13480","title":{"rendered":"Pokalspiel im Gelsenkirchener S\u00fcden"},"content":{"rendered":"<p>Dienstag, 22.09.20, 19:00 Uhr: SW Gelsenkirchen-S\u00fcd &#8211; SV Zweckel<\/p>\n<p>Am Dienstagabend m\u00fcssen die Zweckeler zum Kreispokalspiel in den Gelsenkirchener S\u00fcden reisen. Der C-Ligist hat in den ersten drei Spielen einen Sieg und zwei Niederlagen eingefahren. F\u00fcr den Gast ist das Weiterkommen Pflicht und m\u00f6glicherweise kann die Offensive mal wieder einige Treffer erzielen.<\/p>\n<p>Spielst\u00e4tte: Sportplatz Halfmannshof, Halfmannsweg 50, 45866 Gelsenkirchen<\/p>\n","protected":false},"excerpt":{"rendered":"<p>Dienstag, 22.09.20, 19:00 Uhr: SW Gelsenkirchen-S\u00fcd &#8211; SV Zweckel Am Dienstagabend m\u00fcssen die Zweckeler zum Kreispokalspiel in den Gelsenkirchener S\u00fcden reisen. Der C-Ligist hat in den ersten drei Spielen einen Sieg und zwei Niederlagen eingefahren. F\u00fcr den Gast ist das Weiterkommen Pflicht und m\u00f6glicherweise kann die Offensive mal wieder einige Treffer erzielen. Spielst\u00e4tte: Sportplatz Halfmannshof, [&hellip;]<\/p>\n","protected":false},"author":3,"featured_media":13481,"comment_status":"open","ping_status":"open","sticky":false,"template":"","format":"standard","meta":{"_jetpack_memberships_contains_paid_content":false,"footnotes":"","jetpack_publicize_message":"","jetpack_publicize_feature_enabled":true,"jetpack_social_post_already_shared":false,"jetpack_social_options":{"image_generator_settings":{"template":"highway","default_image_id":0,"font":"","enabled":false},"version":2}},"categories":[2],"tags":[],"class_list":["post-13480","post","type-post","status-publish","format-standard","has-post-thumbnail","hentry","category-1-mannschaft"],"jetpack_publicize_connections":[],"jetpack_featured_media_url":"https:\/\/i0.wp.com\/www.svzweckel.de\/wp-content\/uploads\/2020\/09\/DSC06843.jpg?fit=800%2C533&ssl=1","jetpack_sharing_enabled":true,"_links":{"self":[{"href":"https:\/\/www.svzweckel.de\/index.php?rest_route=\/wp\/v2\/posts\/13480","targetHints":{"allow":["GET"]}}],"collection":[{"href":"https:\/\/www.svzweckel.de\/index.php?rest_route=\/wp\/v2\/posts"}],"about":[{"href":"https:\/\/www.svzweckel.de\/index.php?rest_route=\/wp\/v2\/types\/post"}],"author":[{"embeddable":true,"href":"https:\/\/www.svzweckel.de\/index.php?rest_route=\/wp\/v2\/users\/3"}],"replies":[{"embeddable":true,"href":"https:\/\/www.svzweckel.de\/index.php?rest_route=%2Fwp%2Fv2%2Fcomments&post=13480"}],"version-history":[{"count":0,"href":"https:\/\/www.svzweckel.de\/index.php?rest_route=\/wp\/v2\/posts\/13480\/revisions"}],"wp:featuredmedia":[{"embeddable":true,"href":"https:\/\/www.svzweckel.de\/index.php?rest_route=\/wp\/v2\/media\/13481"}],"wp:attachment":[{"href":"https:\/\/www.svzweckel.de\/index.php?rest_route=%2Fwp%2Fv2%2Fmedia&parent=13480"}],"wp:term":[{"taxonomy":"category","embeddable":true,"href":"https:\/\/www.svzweckel.de\/index.php?rest_route=%2Fwp%2Fv2%2Fcategories&post=13480"},{"taxonomy":"post_tag","embeddable":true,"href":"https:\/\/www.svzweckel.de\/index.php?rest_route=%2Fwp%2Fv2%2Ftags&post=13480"}],"curies":[{"name":"wp","href":"https:\/\/api.w.org\/{rel}","templated":true}]}}