{"id":13486,"date":"2020-09-25T19:35:17","date_gmt":"2020-09-25T17:35:17","guid":{"rendered":"http:\/\/www.svzweckel.de\/?p=13486"},"modified":"2020-09-25T19:35:17","modified_gmt":"2020-09-25T17:35:17","slug":"gerechtes-unentschieden-in-ellinghorst","status":"publish","type":"post","link":"https:\/\/www.svzweckel.de\/?p=13486","title":{"rendered":"Gerechtes Unentschieden in Ellinghorst"},"content":{"rendered":"<p>Adler Ellinghorst &#8211; SV Zweckel II 1:1 (0:1)<\/p>\n<p>Das erste Derby f\u00fcr die neue Zweite des SV Zweckel endete leistungsgerecht mit 1:1. Der Gastgeber hatte erwartungsgem\u00e4\u00df mehr Ballbesitz, konnte daraus aber kein Kapital schlagen. Bei den Standards waren die Adler aber immer gef\u00e4hrlich. Auf der anderen seite verteidikgte der Gast aus Zweckel von vorne bis hinten sehr stark und setzte \u00fcber Konter immer wieder Nadelstiche.<br \/>\nIn der 39. Spielminute gelang den Schwarz-Gr\u00fcnen sogar durch Yasin Kararmis der F\u00fchrungstreffer nach Vorlage von Wladimir Schwanke.\u00a0 Zweitgenannter h\u00e4tte zwei Minuten nach Wiederanpfiff noch auf 0:2 erh\u00f6hen k\u00f6nnen.<br \/>\nDie Gastgeber dr\u00e4ngten mit Macht auf den Ausgleich und erzielten diesen per Kopfballtreffer nach einem Standard in der 61. Minute. Danach verlor die Zweckeler Mannschaft kurzfristig die Sicherheit.<\/p>\n<p>In der Folge hatten beide Mannschaften das n\u00f6tige Qu\u00e4ntchen Gl\u00fcck auf ihrer Seite, denn sie h\u00e4tte auch jeweils als Verlierer vom Platz gehen k\u00f6nnen. Die Adler k\u00f6pften n\u00e4mlich noch einmal an den Pfosten und der SVZ scheiterte in der letzten Minute alleine vor dem Ellinghorster Torwart.<\/p>\n<p>Alles in Allem stand am Ende ein gerechtes Unentschieden zu Buche. Mit der gezeigten Leistung und besonders der Einstellung wird es nicht der letzte \u00fcberraschende Punkt in der Saison bleiben.<\/p>\n","protected":false},"excerpt":{"rendered":"<p>Adler Ellinghorst &#8211; SV Zweckel II 1:1 (0:1) Das erste Derby f\u00fcr die neue Zweite des SV Zweckel endete leistungsgerecht mit 1:1. Der Gastgeber hatte erwartungsgem\u00e4\u00df mehr Ballbesitz, konnte daraus aber kein Kapital schlagen. Bei den Standards waren die Adler aber immer gef\u00e4hrlich. Auf der anderen seite verteidikgte der Gast aus Zweckel von vorne bis [&hellip;]<\/p>\n","protected":false},"author":3,"featured_media":13488,"comment_status":"open","ping_status":"open","sticky":false,"template":"","format":"standard","meta":{"_jetpack_memberships_contains_paid_content":false,"footnotes":"","jetpack_publicize_message":"","jetpack_publicize_feature_enabled":true,"jetpack_social_post_already_shared":false,"jetpack_social_options":{"image_generator_settings":{"template":"highway","default_image_id":0,"font":"","enabled":false},"version":2}},"categories":[20],"tags":[],"class_list":["post-13486","post","type-post","status-publish","format-standard","has-post-thumbnail","hentry","category-2-mannschaft"],"jetpack_publicize_connections":[],"jetpack_featured_media_url":"https:\/\/i0.wp.com\/www.svzweckel.de\/wp-content\/uploads\/2020\/09\/Adler.jpg?fit=605%2C403&ssl=1","jetpack_sharing_enabled":true,"_links":{"self":[{"href":"https:\/\/www.svzweckel.de\/index.php?rest_route=\/wp\/v2\/posts\/13486","targetHints":{"allow":["GET"]}}],"collection":[{"href":"https:\/\/www.svzweckel.de\/index.php?rest_route=\/wp\/v2\/posts"}],"about":[{"href":"https:\/\/www.svzweckel.de\/index.php?rest_route=\/wp\/v2\/types\/post"}],"author":[{"embeddable":true,"href":"https:\/\/www.svzweckel.de\/index.php?rest_route=\/wp\/v2\/users\/3"}],"replies":[{"embeddable":true,"href":"https:\/\/www.svzweckel.de\/index.php?rest_route=%2Fwp%2Fv2%2Fcomments&post=13486"}],"version-history":[{"count":0,"href":"https:\/\/www.svzweckel.de\/index.php?rest_route=\/wp\/v2\/posts\/13486\/revisions"}],"wp:featuredmedia":[{"embeddable":true,"href":"https:\/\/www.svzweckel.de\/index.php?rest_route=\/wp\/v2\/media\/13488"}],"wp:attachment":[{"href":"https:\/\/www.svzweckel.de\/index.php?rest_route=%2Fwp%2Fv2%2Fmedia&parent=13486"}],"wp:term":[{"taxonomy":"category","embeddable":true,"href":"https:\/\/www.svzweckel.de\/index.php?rest_route=%2Fwp%2Fv2%2Fcategories&post=13486"},{"taxonomy":"post_tag","embeddable":true,"href":"https:\/\/www.svzweckel.de\/index.php?rest_route=%2Fwp%2Fv2%2Ftags&post=13486"}],"curies":[{"name":"wp","href":"https:\/\/api.w.org\/{rel}","templated":true}]}}