{"id":13489,"date":"2020-09-25T19:53:18","date_gmt":"2020-09-25T17:53:18","guid":{"rendered":"http:\/\/www.svzweckel.de\/?p=13489"},"modified":"2020-09-25T19:53:18","modified_gmt":"2020-09-25T17:53:18","slug":"der-spitzenreiter-kommt-3","status":"publish","type":"post","link":"https:\/\/www.svzweckel.de\/?p=13489","title":{"rendered":"Der Spitzenreiter kommt!"},"content":{"rendered":"<div class=\"date\"><span class=\"results-c-a6haikl1\" data-obfuscation=\"a6haikl1\">Sonntag, 27.09.20, 15:00 Uhr: SV Zweckel II &#8211; SSV Buer II<\/span><\/div>\n<p>Am Sonntag kommt der Tabellenf\u00fchrer an die Dorstener Stra\u00dfe. Im letzten Spiel siegten die Bueraner \u00fcberraschend hoch mit 7:1 gegen Sutum.<\/p>\n<p>Die Schwarz-Gr\u00fcnen werden alles daf\u00fcr tun, dass sie ein besseres Ergebnis einfahren werden. Im Gegenteil: Ein Heimspiel im K\u00e4fig mit der Leistung aus der Vorwoche und der Unterst\u00fctzung einiger Zuschauer soll dazu beitragen, dass die Zweckeler auch im n\u00e4chsten Spiel ungeschlagen bleiben.<\/p>\n<p>Am Sonntag fallen Fatih Kararmis, Joris Broermann sowie Silvio Don Vizor leider verletzt aus. Die verbliebene Truppe wird selbstverst\u00e4ndlich versuchen das Beste rauszuholen.<\/p>\n","protected":false},"excerpt":{"rendered":"<p>Sonntag, 27.09.20, 15:00 Uhr: SV Zweckel II &#8211; SSV Buer II Am Sonntag kommt der Tabellenf\u00fchrer an die Dorstener Stra\u00dfe. Im letzten Spiel siegten die Bueraner \u00fcberraschend hoch mit 7:1 gegen Sutum. Die Schwarz-Gr\u00fcnen werden alles daf\u00fcr tun, dass sie ein besseres Ergebnis einfahren werden. Im Gegenteil: Ein Heimspiel im K\u00e4fig mit der Leistung aus [&hellip;]<\/p>\n","protected":false},"author":3,"featured_media":13491,"comment_status":"open","ping_status":"open","sticky":false,"template":"","format":"standard","meta":{"_jetpack_memberships_contains_paid_content":false,"footnotes":"","jetpack_publicize_message":"","jetpack_publicize_feature_enabled":true,"jetpack_social_post_already_shared":false,"jetpack_social_options":{"image_generator_settings":{"template":"highway","default_image_id":0,"font":"","enabled":false},"version":2}},"categories":[20],"tags":[],"class_list":["post-13489","post","type-post","status-publish","format-standard","has-post-thumbnail","hentry","category-2-mannschaft"],"jetpack_publicize_connections":[],"jetpack_featured_media_url":"https:\/\/i0.wp.com\/www.svzweckel.de\/wp-content\/uploads\/2020\/09\/Heim.jpeg?fit=800%2C600&ssl=1","jetpack_sharing_enabled":true,"_links":{"self":[{"href":"https:\/\/www.svzweckel.de\/index.php?rest_route=\/wp\/v2\/posts\/13489","targetHints":{"allow":["GET"]}}],"collection":[{"href":"https:\/\/www.svzweckel.de\/index.php?rest_route=\/wp\/v2\/posts"}],"about":[{"href":"https:\/\/www.svzweckel.de\/index.php?rest_route=\/wp\/v2\/types\/post"}],"author":[{"embeddable":true,"href":"https:\/\/www.svzweckel.de\/index.php?rest_route=\/wp\/v2\/users\/3"}],"replies":[{"embeddable":true,"href":"https:\/\/www.svzweckel.de\/index.php?rest_route=%2Fwp%2Fv2%2Fcomments&post=13489"}],"version-history":[{"count":0,"href":"https:\/\/www.svzweckel.de\/index.php?rest_route=\/wp\/v2\/posts\/13489\/revisions"}],"wp:featuredmedia":[{"embeddable":true,"href":"https:\/\/www.svzweckel.de\/index.php?rest_route=\/wp\/v2\/media\/13491"}],"wp:attachment":[{"href":"https:\/\/www.svzweckel.de\/index.php?rest_route=%2Fwp%2Fv2%2Fmedia&parent=13489"}],"wp:term":[{"taxonomy":"category","embeddable":true,"href":"https:\/\/www.svzweckel.de\/index.php?rest_route=%2Fwp%2Fv2%2Fcategories&post=13489"},{"taxonomy":"post_tag","embeddable":true,"href":"https:\/\/www.svzweckel.de\/index.php?rest_route=%2Fwp%2Fv2%2Ftags&post=13489"}],"curies":[{"name":"wp","href":"https:\/\/api.w.org\/{rel}","templated":true}]}}