{"id":13492,"date":"2020-09-25T21:05:14","date_gmt":"2020-09-25T19:05:14","guid":{"rendered":"http:\/\/www.svzweckel.de\/?p=13492"},"modified":"2020-09-25T21:05:14","modified_gmt":"2020-09-25T19:05:14","slug":"wiedergutmachung-in-hessler","status":"publish","type":"post","link":"https:\/\/www.svzweckel.de\/?p=13492","title":{"rendered":"Wiedergutmachung in Hessler?!"},"content":{"rendered":"<p>Sonntag, 27.09.20, 15:00 Uhr: SV Gelsenkirchen-Hessler 06 &#8211; SV Zweckel<\/p>\n<p>Nach der blamablen Vorstellung des SV Zweckel im Kreispokal hoffen die Verantwortlichen und Anh\u00e4nger auf eine bessere Vorstellung und Einstellung der Mannschaft beim Aufsteiger in Gelsenkirchen-Hessler.<\/p>\n<p>Der Gastgeber weist mit einem Sieg, einem Unentschieden und einer Niederlage eine ausgeglichene Bilanz auf. Die Zweckeler haben nur einen Punkt weniger ergattert, haben allerdings sowohl deutlich weniger Tore geschossen als auch kassiert.<\/p>\n<p>Hessler hat sieben Tore geschossen und daf\u00fcr allerdings auch acht Tore kassiert. Mit Michael Krakala haben sie einen ausgesprochenen Torj\u00e4ger in ihren Reihen, der mit seinen 35 Jahren in dieser Saison sicher noch mehr als die bisherigen zwei Treffer erzielen wird. In den letzten vier Spielzeiten erzielte er f\u00fcr Preu\u00dfe Sutum und Hessler in der Kreisliga A immerhin (40, 36, 52 und 29 Tore). Er war auch schon f\u00fcr den SV Zweckel in der Westfalenliga am Ball.<\/p>\n<p>Sollte die Abwehr wieder eie gute Leistung an den Tag legen, werden die Zweckeler vermutlich auch in Hessler punkten k\u00f6nnen. Es w\u00e4re allerdings auch einmal vonn\u00f6ten, dass die Schwarz-Gr\u00fcnen das eine oder andere Mal das gegnerischen Tor treffen.<\/p>\n<p>Wegen einer gelb-roten Karten muss Trainer Gudio Naumann auf German Prudetskiy verzichten. Auch Jonas Gerfen, der seine Aufgabe im letzten Spiel ordentlich machten, steht der Mannschaft nicht zur Verf\u00fcgung.<\/p>\n<p>Adresse: Jahnstadion, Kanzlerstra\u00dfe 44, 45883 Gelsenkirchen<\/p>\n","protected":false},"excerpt":{"rendered":"<p>Sonntag, 27.09.20, 15:00 Uhr: SV Gelsenkirchen-Hessler 06 &#8211; SV Zweckel Nach der blamablen Vorstellung des SV Zweckel im Kreispokal hoffen die Verantwortlichen und Anh\u00e4nger auf eine bessere Vorstellung und Einstellung der Mannschaft beim Aufsteiger in Gelsenkirchen-Hessler. Der Gastgeber weist mit einem Sieg, einem Unentschieden und einer Niederlage eine ausgeglichene Bilanz auf. Die Zweckeler haben nur [&hellip;]<\/p>\n","protected":false},"author":3,"featured_media":13494,"comment_status":"open","ping_status":"open","sticky":false,"template":"","format":"standard","meta":{"_jetpack_memberships_contains_paid_content":false,"footnotes":"","jetpack_publicize_message":"","jetpack_publicize_feature_enabled":true,"jetpack_social_post_already_shared":false,"jetpack_social_options":{"image_generator_settings":{"template":"highway","default_image_id":0,"font":"","enabled":false},"version":2}},"categories":[2],"tags":[],"class_list":["post-13492","post","type-post","status-publish","format-standard","has-post-thumbnail","hentry","category-1-mannschaft"],"jetpack_publicize_connections":[],"jetpack_featured_media_url":"https:\/\/i0.wp.com\/www.svzweckel.de\/wp-content\/uploads\/2020\/09\/DSC06847.jpg?fit=800%2C533&ssl=1","jetpack_sharing_enabled":true,"_links":{"self":[{"href":"https:\/\/www.svzweckel.de\/index.php?rest_route=\/wp\/v2\/posts\/13492","targetHints":{"allow":["GET"]}}],"collection":[{"href":"https:\/\/www.svzweckel.de\/index.php?rest_route=\/wp\/v2\/posts"}],"about":[{"href":"https:\/\/www.svzweckel.de\/index.php?rest_route=\/wp\/v2\/types\/post"}],"author":[{"embeddable":true,"href":"https:\/\/www.svzweckel.de\/index.php?rest_route=\/wp\/v2\/users\/3"}],"replies":[{"embeddable":true,"href":"https:\/\/www.svzweckel.de\/index.php?rest_route=%2Fwp%2Fv2%2Fcomments&post=13492"}],"version-history":[{"count":0,"href":"https:\/\/www.svzweckel.de\/index.php?rest_route=\/wp\/v2\/posts\/13492\/revisions"}],"wp:featuredmedia":[{"embeddable":true,"href":"https:\/\/www.svzweckel.de\/index.php?rest_route=\/wp\/v2\/media\/13494"}],"wp:attachment":[{"href":"https:\/\/www.svzweckel.de\/index.php?rest_route=%2Fwp%2Fv2%2Fmedia&parent=13492"}],"wp:term":[{"taxonomy":"category","embeddable":true,"href":"https:\/\/www.svzweckel.de\/index.php?rest_route=%2Fwp%2Fv2%2Fcategories&post=13492"},{"taxonomy":"post_tag","embeddable":true,"href":"https:\/\/www.svzweckel.de\/index.php?rest_route=%2Fwp%2Fv2%2Ftags&post=13492"}],"curies":[{"name":"wp","href":"https:\/\/api.w.org\/{rel}","templated":true}]}}