{"id":13497,"date":"2020-09-27T21:29:39","date_gmt":"2020-09-27T19:29:39","guid":{"rendered":"http:\/\/www.svzweckel.de\/?p=13497"},"modified":"2020-09-27T21:29:39","modified_gmt":"2020-09-27T19:29:39","slug":"auswaertssieg-2","status":"publish","type":"post","link":"https:\/\/www.svzweckel.de\/?p=13497","title":{"rendered":"Ausw\u00e4rtssieg!"},"content":{"rendered":"<p>Wiedergutmachung gegl\u00fcckt!<\/p>\n<p>Die Zweckeler Mannschaft spielt zum Dritten in der laufenden Saison zu Null und f\u00e4hrt mit einem verdienten 1:0 Sieg gegen Hessler den ersten Dreier in der Saison ein.<\/p>\n<p>Schon fr\u00fch zeigten die Schwarz-Gr\u00fcnen, dass sie gewillt waren, bei den Gelsenkirchenern einen Sieg einzufahren. Nach knapp f\u00fcnfzehn Minuten pr\u00fcfte Fabian Brom erstmalig den Keeper aus rund 35 Metern &#8211; jedoch lenkte der Torwart den Flatterball gerade noch um den Pfosten. Die Zweckeler blieben dran und \u00fcbernahmen die komplette Kontrolle \u00fcber das Spielgeschehen. Die gr\u00f6\u00dfte Chance der ersten Halbzeit vergaben die Zweckeler, da sie vom Punkt scheiterten. In der zweiten H\u00e4lfte dasselbe Bild: Die Schwarz-Gr\u00fcnen lie\u00dfen hinten nichts zu und das Spiel fand nur in der H\u00e4lfte des Gastgebers statt. In der 64. Spielminute hatten die Zweckeler erneut die Chance per Elfmeter in F\u00fchrung zu gehen: Sebastian Hagemeister scheiterte aus elf Metern am Keeper, verwandelte jedoch den Abpraller zur mehr als verdienten F\u00fchrung. Kurz vor Schluss bewahrte der SVZ-Keeper B\u00fcnyamin Ert\u00fcrk die Zweckeler mit seiner Parade gegen Michael Krakala, den St\u00fcrmer aus Hessler mit Zweckeler Vergangenheit, vor dem Ausgleich.<\/p>\n<p>Mit den drei Punkten im R\u00fccken trifft der SV Zweckel am kommenden Sonntag, dem 04.10. zu Hause an der Dorstener Stra\u00dfe auf den BV Rentfort.<\/p>\n","protected":false},"excerpt":{"rendered":"<p>Wiedergutmachung gegl\u00fcckt! Die Zweckeler Mannschaft spielt zum Dritten in der laufenden Saison zu Null und f\u00e4hrt mit einem verdienten 1:0 Sieg gegen Hessler den ersten Dreier in der Saison ein. Schon fr\u00fch zeigten die Schwarz-Gr\u00fcnen, dass sie gewillt waren, bei den Gelsenkirchenern einen Sieg einzufahren. Nach knapp f\u00fcnfzehn Minuten pr\u00fcfte Fabian Brom erstmalig den Keeper [&hellip;]<\/p>\n","protected":false},"author":23,"featured_media":13498,"comment_status":"open","ping_status":"open","sticky":false,"template":"","format":"standard","meta":{"_jetpack_memberships_contains_paid_content":false,"footnotes":"","jetpack_publicize_message":"","jetpack_publicize_feature_enabled":true,"jetpack_social_post_already_shared":false,"jetpack_social_options":{"image_generator_settings":{"template":"highway","default_image_id":0,"font":"","enabled":false},"version":2}},"categories":[2],"tags":[],"class_list":["post-13497","post","type-post","status-publish","format-standard","has-post-thumbnail","hentry","category-1-mannschaft"],"jetpack_publicize_connections":[],"jetpack_featured_media_url":"https:\/\/i0.wp.com\/www.svzweckel.de\/wp-content\/uploads\/2020\/09\/img_4291-scaled.jpg?fit=2560%2C1920&ssl=1","jetpack_sharing_enabled":true,"_links":{"self":[{"href":"https:\/\/www.svzweckel.de\/index.php?rest_route=\/wp\/v2\/posts\/13497","targetHints":{"allow":["GET"]}}],"collection":[{"href":"https:\/\/www.svzweckel.de\/index.php?rest_route=\/wp\/v2\/posts"}],"about":[{"href":"https:\/\/www.svzweckel.de\/index.php?rest_route=\/wp\/v2\/types\/post"}],"author":[{"embeddable":true,"href":"https:\/\/www.svzweckel.de\/index.php?rest_route=\/wp\/v2\/users\/23"}],"replies":[{"embeddable":true,"href":"https:\/\/www.svzweckel.de\/index.php?rest_route=%2Fwp%2Fv2%2Fcomments&post=13497"}],"version-history":[{"count":0,"href":"https:\/\/www.svzweckel.de\/index.php?rest_route=\/wp\/v2\/posts\/13497\/revisions"}],"wp:featuredmedia":[{"embeddable":true,"href":"https:\/\/www.svzweckel.de\/index.php?rest_route=\/wp\/v2\/media\/13498"}],"wp:attachment":[{"href":"https:\/\/www.svzweckel.de\/index.php?rest_route=%2Fwp%2Fv2%2Fmedia&parent=13497"}],"wp:term":[{"taxonomy":"category","embeddable":true,"href":"https:\/\/www.svzweckel.de\/index.php?rest_route=%2Fwp%2Fv2%2Fcategories&post=13497"},{"taxonomy":"post_tag","embeddable":true,"href":"https:\/\/www.svzweckel.de\/index.php?rest_route=%2Fwp%2Fv2%2Ftags&post=13497"}],"curies":[{"name":"wp","href":"https:\/\/api.w.org\/{rel}","templated":true}]}}