{"id":13511,"date":"2020-10-02T11:35:53","date_gmt":"2020-10-02T09:35:53","guid":{"rendered":"http:\/\/www.svzweckel.de\/?p=13511"},"modified":"2020-10-02T11:35:53","modified_gmt":"2020-10-02T09:35:53","slug":"tabellenfuehrer-am-rand-der-niederlage","status":"publish","type":"post","link":"https:\/\/www.svzweckel.de\/?p=13511","title":{"rendered":"Tabellenf\u00fchrer am Rand der Niederlage"},"content":{"rendered":"<p>Die zweite Mannschaft des SV Zweckel bringt den Tabellenf\u00fchrer aus Buer an den Rand einer Niederlage.<\/p>\n<p>Vor dem Spiel schienen die Rollen klar verteilt. Nach dem Spiel gingen die G\u00e4ste gl\u00fccklich vom Platz, w\u00e4hrend die Zweckeler etwas entt\u00e4uscht daherkamen, nicht drei Punkte geholt zu haben. Die Gr\u00fcn-Schwarzen zeigten trotz Personalmangels wiedermal was in ihnen steckt.<br \/>\nVon Anfang an \u00fcbernahm der SVZ die Kontrolle \u00fcber das Spiel und lie\u00df Buer nicht ins Spiel finden. In der ersten Halbzeit lief man gleich dreimal alleine auf den Torwart zu. Dazu kamen weitere M\u00f6glichkeiten. Leider fehlte aber immer die Pr\u00e4zision und der letzte Wille.<br \/>\nAuch im zweiten Durchgang kein ver\u00e4ndertes Bild. Zweckel dr\u00fcckte ununterbrochen, scheiterte aber immer wieder in letzter Instanz.<br \/>\nWenn man vorne keine Tore macht, f\u00e4ngt man sich h\u00e4ufig hinten einen.<br \/>\nWie aus dem Nichts bekam der Tabellenf\u00fchrer aus Buer pl\u00f6tzlich drei Gro\u00dfchancen. Doch auch sie konnten diese nicht nutzen.<br \/>\nSo blieb es beim torlosen Unentschieden.<\/p>\n<p>Von vorne bis hinten war das ein sehr starkes Spiel der Zweitvertretung. Lediglich die Chancenverwertung muss in den kommenden Partien besser werden.<\/p>\n","protected":false},"excerpt":{"rendered":"<p>Die zweite Mannschaft des SV Zweckel bringt den Tabellenf\u00fchrer aus Buer an den Rand einer Niederlage. Vor dem Spiel schienen die Rollen klar verteilt. Nach dem Spiel gingen die G\u00e4ste gl\u00fccklich vom Platz, w\u00e4hrend die Zweckeler etwas entt\u00e4uscht daherkamen, nicht drei Punkte geholt zu haben. Die Gr\u00fcn-Schwarzen zeigten trotz Personalmangels wiedermal was in ihnen steckt. [&hellip;]<\/p>\n","protected":false},"author":3,"featured_media":13512,"comment_status":"open","ping_status":"open","sticky":false,"template":"","format":"standard","meta":{"_jetpack_memberships_contains_paid_content":false,"footnotes":"","jetpack_publicize_message":"","jetpack_publicize_feature_enabled":true,"jetpack_social_post_already_shared":false,"jetpack_social_options":{"image_generator_settings":{"template":"highway","default_image_id":0,"font":"","enabled":false},"version":2}},"categories":[20],"tags":[],"class_list":["post-13511","post","type-post","status-publish","format-standard","has-post-thumbnail","hentry","category-2-mannschaft"],"jetpack_publicize_connections":[],"jetpack_featured_media_url":"https:\/\/i0.wp.com\/www.svzweckel.de\/wp-content\/uploads\/2020\/10\/SSV-Buer.jpeg?fit=800%2C600&ssl=1","jetpack_sharing_enabled":true,"_links":{"self":[{"href":"https:\/\/www.svzweckel.de\/index.php?rest_route=\/wp\/v2\/posts\/13511","targetHints":{"allow":["GET"]}}],"collection":[{"href":"https:\/\/www.svzweckel.de\/index.php?rest_route=\/wp\/v2\/posts"}],"about":[{"href":"https:\/\/www.svzweckel.de\/index.php?rest_route=\/wp\/v2\/types\/post"}],"author":[{"embeddable":true,"href":"https:\/\/www.svzweckel.de\/index.php?rest_route=\/wp\/v2\/users\/3"}],"replies":[{"embeddable":true,"href":"https:\/\/www.svzweckel.de\/index.php?rest_route=%2Fwp%2Fv2%2Fcomments&post=13511"}],"version-history":[{"count":0,"href":"https:\/\/www.svzweckel.de\/index.php?rest_route=\/wp\/v2\/posts\/13511\/revisions"}],"wp:featuredmedia":[{"embeddable":true,"href":"https:\/\/www.svzweckel.de\/index.php?rest_route=\/wp\/v2\/media\/13512"}],"wp:attachment":[{"href":"https:\/\/www.svzweckel.de\/index.php?rest_route=%2Fwp%2Fv2%2Fmedia&parent=13511"}],"wp:term":[{"taxonomy":"category","embeddable":true,"href":"https:\/\/www.svzweckel.de\/index.php?rest_route=%2Fwp%2Fv2%2Fcategories&post=13511"},{"taxonomy":"post_tag","embeddable":true,"href":"https:\/\/www.svzweckel.de\/index.php?rest_route=%2Fwp%2Fv2%2Ftags&post=13511"}],"curies":[{"name":"wp","href":"https:\/\/api.w.org\/{rel}","templated":true}]}}