{"id":13514,"date":"2020-10-02T11:40:59","date_gmt":"2020-10-02T09:40:59","guid":{"rendered":"http:\/\/www.svzweckel.de\/?p=13514"},"modified":"2020-10-02T21:13:51","modified_gmt":"2020-10-02T19:13:51","slug":"die-zweite-beim-derby-in-preussen","status":"publish","type":"post","link":"https:\/\/www.svzweckel.de\/?p=13514","title":{"rendered":"Die Zweite beim Derby in Preu\u00dfen"},"content":{"rendered":"<p>Sonntag, 04.10.20, 15:00 Uhr: Preu\u00dfen Gladbeck &#8211; SV Zweckel II<\/p>\n<p>Sonntag ist erstmal ein Spiel wie jedes Andere und erst in zweiter Instanz ein brisantes Derby.<br \/>\nDie Zweckeler Mannschaft zeigte bisher sehr starke Leistungen und ist daher verdienterma\u00dfen nach 4 Spieltagen immer noch ungeschlagen.<br \/>\nDie Schwarz-Gr\u00fcnen werden versuchen, die gesamte (brisante) Vorgeschichte sowie die N\u00e4he zwischen den Sportpl\u00e4tzen auszublenden und sich voll auf das Spiel zu konzentrieren. Damit ist die Mannschaft von Perry Pfeng und J\u00f6rg Sievers bislang gut gefahren. So hoffen die Beteiligten auch weiterhin, die eine oder andere (gr\u00f6\u00dfere) Mannschaft zu \u00e4rgern zu k\u00f6nnen und flei\u00dfig gegen den Abstieg zu punkten.<\/p>\n<p>Personell dr\u00fcckt nach wie vor der Schuh. Es fehlen nach wie vor die l\u00e4nger verletzten Jakob Pleiss, Sven Matel, Silvio Don Vizor, Fatih Kararmis, Steven Oberl\u00e4nder und Joris Broermann. Fraglich sind zudem Philipp Franzke und Alexander H\u00fcsken.<br \/>\nSo viele Spieler kann man nicht einfach kompensieren und dennoch haben das alle bisher super gemacht in den letzten Spielen.<\/p>\n","protected":false},"excerpt":{"rendered":"<p>Sonntag, 04.10.20, 15:00 Uhr: Preu\u00dfen Gladbeck &#8211; SV Zweckel II Sonntag ist erstmal ein Spiel wie jedes Andere und erst in zweiter Instanz ein brisantes Derby. Die Zweckeler Mannschaft zeigte bisher sehr starke Leistungen und ist daher verdienterma\u00dfen nach 4 Spieltagen immer noch ungeschlagen. Die Schwarz-Gr\u00fcnen werden versuchen, die gesamte (brisante) Vorgeschichte sowie die N\u00e4he [&hellip;]<\/p>\n","protected":false},"author":3,"featured_media":13461,"comment_status":"open","ping_status":"open","sticky":false,"template":"","format":"standard","meta":{"_jetpack_memberships_contains_paid_content":false,"footnotes":"","jetpack_publicize_message":"","jetpack_publicize_feature_enabled":true,"jetpack_social_post_already_shared":false,"jetpack_social_options":{"image_generator_settings":{"template":"highway","default_image_id":0,"font":"","enabled":false},"version":2}},"categories":[20],"tags":[],"class_list":["post-13514","post","type-post","status-publish","format-standard","has-post-thumbnail","hentry","category-2-mannschaft"],"jetpack_publicize_connections":[],"jetpack_featured_media_url":"https:\/\/i0.wp.com\/www.svzweckel.de\/wp-content\/uploads\/2020\/09\/wp-16001054107067522645288269172396.jpg?fit=1600%2C1200&ssl=1","jetpack_sharing_enabled":true,"_links":{"self":[{"href":"https:\/\/www.svzweckel.de\/index.php?rest_route=\/wp\/v2\/posts\/13514","targetHints":{"allow":["GET"]}}],"collection":[{"href":"https:\/\/www.svzweckel.de\/index.php?rest_route=\/wp\/v2\/posts"}],"about":[{"href":"https:\/\/www.svzweckel.de\/index.php?rest_route=\/wp\/v2\/types\/post"}],"author":[{"embeddable":true,"href":"https:\/\/www.svzweckel.de\/index.php?rest_route=\/wp\/v2\/users\/3"}],"replies":[{"embeddable":true,"href":"https:\/\/www.svzweckel.de\/index.php?rest_route=%2Fwp%2Fv2%2Fcomments&post=13514"}],"version-history":[{"count":0,"href":"https:\/\/www.svzweckel.de\/index.php?rest_route=\/wp\/v2\/posts\/13514\/revisions"}],"wp:featuredmedia":[{"embeddable":true,"href":"https:\/\/www.svzweckel.de\/index.php?rest_route=\/wp\/v2\/media\/13461"}],"wp:attachment":[{"href":"https:\/\/www.svzweckel.de\/index.php?rest_route=%2Fwp%2Fv2%2Fmedia&parent=13514"}],"wp:term":[{"taxonomy":"category","embeddable":true,"href":"https:\/\/www.svzweckel.de\/index.php?rest_route=%2Fwp%2Fv2%2Fcategories&post=13514"},{"taxonomy":"post_tag","embeddable":true,"href":"https:\/\/www.svzweckel.de\/index.php?rest_route=%2Fwp%2Fv2%2Ftags&post=13514"}],"curies":[{"name":"wp","href":"https:\/\/api.w.org\/{rel}","templated":true}]}}