{"id":13535,"date":"2020-10-10T21:32:43","date_gmt":"2020-10-10T19:32:43","guid":{"rendered":"http:\/\/www.svzweckel.de\/?p=13535"},"modified":"2020-10-10T21:32:43","modified_gmt":"2020-10-10T19:32:43","slug":"heimspiel-gegen-schaffrath","status":"publish","type":"post","link":"https:\/\/www.svzweckel.de\/?p=13535","title":{"rendered":"Heimspiel gegen Schaffrath"},"content":{"rendered":"<p>Sonntag, 11.10.20, 15:00 Uhr: SV Zweckel II &#8211; SC Schaffrath<\/p>\n<p>Am Sonntag d\u00fcrfen den schwarz-gr\u00fcnen im Heimspiel wieder im K\u00e4fig ran. Die Mannschaft will und muss eine Reaktion nach dem letzten Spiel in Preu\u00dfen Gladbeck zeigen und wieder so spielen wie in der ersten Halbzeit am Jahnplatz oder wie in den Wochen zuvor.<\/p>\n<p>Gegen Schaffrath wird es schwer f\u00fcr das Team von Perry Pfeng und J\u00f6rg Sievers, denn der Gast wird sich auf Augenh\u00f6he mit den Zweckelern pr\u00e4sentieren. Mit drei Unentschieden und zwei Niederlagen haben die Schaffrather auch noch keine B\u00e4ume ausgerissen. Au\u00dferdem sind in den Spielen der G\u00e4ste nicht viele Tore gefallen.<\/p>\n<p>Die Trainingsgestaltung in der laufenden Woche gestaltete sich schwierig, denn die Personalsituation wird immer prek\u00e4rer. Die Zweckeler verloren nicht nur das Spiel in Preu\u00dfen sondern zus\u00e4tzlich auch noch drei Spieler durch Verletzungen. Timon Reschke, Og\u00fcn S\u00f6nmez und Philipp Franzke werden voraussichtlich nicht zur Verf\u00fcgung stehen. Von den anderen Verletzten kehrt lediglich Fatih Kararmis ins Team zur\u00fcck.<\/p>\n","protected":false},"excerpt":{"rendered":"<p>Sonntag, 11.10.20, 15:00 Uhr: SV Zweckel II &#8211; SC Schaffrath Am Sonntag d\u00fcrfen den schwarz-gr\u00fcnen im Heimspiel wieder im K\u00e4fig ran. Die Mannschaft will und muss eine Reaktion nach dem letzten Spiel in Preu\u00dfen Gladbeck zeigen und wieder so spielen wie in der ersten Halbzeit am Jahnplatz oder wie in den Wochen zuvor. Gegen Schaffrath [&hellip;]<\/p>\n","protected":false},"author":3,"featured_media":13469,"comment_status":"open","ping_status":"open","sticky":false,"template":"","format":"standard","meta":{"_jetpack_memberships_contains_paid_content":false,"footnotes":"","jetpack_publicize_message":"","jetpack_publicize_feature_enabled":true,"jetpack_social_post_already_shared":false,"jetpack_social_options":{"image_generator_settings":{"template":"highway","default_image_id":0,"font":"","enabled":false},"version":2}},"categories":[20],"tags":[],"class_list":["post-13535","post","type-post","status-publish","format-standard","has-post-thumbnail","hentry","category-2-mannschaft"],"jetpack_publicize_connections":[],"jetpack_featured_media_url":"https:\/\/i0.wp.com\/www.svzweckel.de\/wp-content\/uploads\/2020\/09\/Elfmeter.jpg?fit=800%2C534&ssl=1","jetpack_sharing_enabled":true,"_links":{"self":[{"href":"https:\/\/www.svzweckel.de\/index.php?rest_route=\/wp\/v2\/posts\/13535","targetHints":{"allow":["GET"]}}],"collection":[{"href":"https:\/\/www.svzweckel.de\/index.php?rest_route=\/wp\/v2\/posts"}],"about":[{"href":"https:\/\/www.svzweckel.de\/index.php?rest_route=\/wp\/v2\/types\/post"}],"author":[{"embeddable":true,"href":"https:\/\/www.svzweckel.de\/index.php?rest_route=\/wp\/v2\/users\/3"}],"replies":[{"embeddable":true,"href":"https:\/\/www.svzweckel.de\/index.php?rest_route=%2Fwp%2Fv2%2Fcomments&post=13535"}],"version-history":[{"count":0,"href":"https:\/\/www.svzweckel.de\/index.php?rest_route=\/wp\/v2\/posts\/13535\/revisions"}],"wp:featuredmedia":[{"embeddable":true,"href":"https:\/\/www.svzweckel.de\/index.php?rest_route=\/wp\/v2\/media\/13469"}],"wp:attachment":[{"href":"https:\/\/www.svzweckel.de\/index.php?rest_route=%2Fwp%2Fv2%2Fmedia&parent=13535"}],"wp:term":[{"taxonomy":"category","embeddable":true,"href":"https:\/\/www.svzweckel.de\/index.php?rest_route=%2Fwp%2Fv2%2Fcategories&post=13535"},{"taxonomy":"post_tag","embeddable":true,"href":"https:\/\/www.svzweckel.de\/index.php?rest_route=%2Fwp%2Fv2%2Ftags&post=13535"}],"curies":[{"name":"wp","href":"https:\/\/api.w.org\/{rel}","templated":true}]}}