{"id":13549,"date":"2020-10-15T22:10:22","date_gmt":"2020-10-15T20:10:22","guid":{"rendered":"http:\/\/www.svzweckel.de\/?p=13549"},"modified":"2020-10-15T22:11:02","modified_gmt":"2020-10-15T20:11:02","slug":"sieg-gegen-schaffrath","status":"publish","type":"post","link":"https:\/\/www.svzweckel.de\/?p=13549","title":{"rendered":"Drei Punkte aus dem Spiel gegen Schaffrath"},"content":{"rendered":"<p>SV Zweckel II &#8211; SC Schaffrath 3:1<\/p>\n<p>Das Spiel begann bereits mit einigen Ver\u00e4nderungen. Auf Grund der Personalsituation verst\u00e4rkten vier Spieler der ersten Mannschaft die Zweitvertretung. Au\u00dferdem konnte Og\u00fcn S\u00f6nmez kurzfristig doch mitwirken.<br \/>\nZudem entschied der Schiedsrichter wegen Unbespielbarkeit des Tennenplatzes, das Spiel auf dem Rasen anzupfeifen.<\/p>\n<p>Bereits in der dritten Spielminute parierte der &#8222;Elfmeterkiller&#8220; Angelo Kuschel (3 von 3 gehaltenen in dieser Saison) einen geschenkten Strafsto\u00df.<br \/>\nAnschlie\u00dfend schenkten sich beide Mannschaften nichts. Die besseren Torchancen erspielten sich jedoch die Hausherren.<br \/>\nEinen genialen Pass vom wiedergenesenen Og\u00fcn S\u00f6nmez konnte Sebastian Waldner schlie\u00dflich in der 40. Spielminute zur verdienten 1:0 Pausenf\u00fchrung nutzen.<br \/>\nNach dem Wechsel gab weiterhin Zweckel den Ton an.<br \/>\nEin zweiter zweifelhafter Strafsto\u00dfpfiff gegen den SVZ besorgte schlie\u00dflich in der 51. Minute kurzfristig Gl\u00fccksgef\u00fchle bei den G\u00e4sten, welche jedoch nicht lange w\u00e4hrten.<br \/>\nDenn bereits zwei Minuten sp\u00e4ter kam Wladimir Schwanke nach sch\u00f6ner Kombination im Strafraum zu Fall.<br \/>\nOg\u00fcn S\u00f6nmez belohnte sich f\u00fcr seine Leistung und stellte souver\u00e4n auf 2:1.<br \/>\nAnschlie\u00dfend musste Schaffrath mehr Risiko gehen, wodurch die Zweitvertretung mehrere sehr gute Torchancen erspielte, doch immer am G\u00e4stetorh\u00fcter oder am eigenen Unverm\u00f6gen scheiterte.<br \/>\nNach einem Freisto\u00df durch Yasin Kararmis k\u00f6pfte Pascalis Terzis zun\u00e4chst an den Pfosten. Den Nachschuss drosch Sebastian Waldner schlie\u00dflich zum erl\u00f6senden 3:1 in die Maschen.<br \/>\nBis zum Abpfiff verpassten es die Gr\u00fcn-Schwarzen den Sack endg\u00fcltig zu zumachen.<br \/>\nDie schwache Chancenverwertung blieb das Hauptmanko.<br \/>\nDa man hinten jedoch sehr sicher stand, blieb es letztlich beim verdienten 3:1 Heimsieg.<\/p>\n<p>Drei weitere wichtige Punkte im direkten Duell gegen den Abstieg stimmen alle Beteiligten zufrieden.<\/p>\n","protected":false},"excerpt":{"rendered":"<p>SV Zweckel II &#8211; SC Schaffrath 3:1 Das Spiel begann bereits mit einigen Ver\u00e4nderungen. Auf Grund der Personalsituation verst\u00e4rkten vier Spieler der ersten Mannschaft die Zweitvertretung. Au\u00dferdem konnte Og\u00fcn S\u00f6nmez kurzfristig doch mitwirken. Zudem entschied der Schiedsrichter wegen Unbespielbarkeit des Tennenplatzes, das Spiel auf dem Rasen anzupfeifen. Bereits in der dritten Spielminute parierte der &#8222;Elfmeterkiller&#8220; [&hellip;]<\/p>\n","protected":false},"author":3,"featured_media":13547,"comment_status":"open","ping_status":"open","sticky":false,"template":"","format":"standard","meta":{"_jetpack_memberships_contains_paid_content":false,"footnotes":"","jetpack_publicize_message":"","jetpack_publicize_feature_enabled":true,"jetpack_social_post_already_shared":false,"jetpack_social_options":{"image_generator_settings":{"template":"highway","default_image_id":0,"font":"","enabled":false},"version":2}},"categories":[20],"tags":[],"class_list":["post-13549","post","type-post","status-publish","format-standard","has-post-thumbnail","hentry","category-2-mannschaft"],"jetpack_publicize_connections":[],"jetpack_featured_media_url":"https:\/\/i0.wp.com\/www.svzweckel.de\/wp-content\/uploads\/2020\/10\/dsc_04402865701745338096513-scaled.jpg?fit=2560%2C1440&ssl=1","jetpack_sharing_enabled":true,"_links":{"self":[{"href":"https:\/\/www.svzweckel.de\/index.php?rest_route=\/wp\/v2\/posts\/13549","targetHints":{"allow":["GET"]}}],"collection":[{"href":"https:\/\/www.svzweckel.de\/index.php?rest_route=\/wp\/v2\/posts"}],"about":[{"href":"https:\/\/www.svzweckel.de\/index.php?rest_route=\/wp\/v2\/types\/post"}],"author":[{"embeddable":true,"href":"https:\/\/www.svzweckel.de\/index.php?rest_route=\/wp\/v2\/users\/3"}],"replies":[{"embeddable":true,"href":"https:\/\/www.svzweckel.de\/index.php?rest_route=%2Fwp%2Fv2%2Fcomments&post=13549"}],"version-history":[{"count":0,"href":"https:\/\/www.svzweckel.de\/index.php?rest_route=\/wp\/v2\/posts\/13549\/revisions"}],"wp:featuredmedia":[{"embeddable":true,"href":"https:\/\/www.svzweckel.de\/index.php?rest_route=\/wp\/v2\/media\/13547"}],"wp:attachment":[{"href":"https:\/\/www.svzweckel.de\/index.php?rest_route=%2Fwp%2Fv2%2Fmedia&parent=13549"}],"wp:term":[{"taxonomy":"category","embeddable":true,"href":"https:\/\/www.svzweckel.de\/index.php?rest_route=%2Fwp%2Fv2%2Fcategories&post=13549"},{"taxonomy":"post_tag","embeddable":true,"href":"https:\/\/www.svzweckel.de\/index.php?rest_route=%2Fwp%2Fv2%2Ftags&post=13549"}],"curies":[{"name":"wp","href":"https:\/\/api.w.org\/{rel}","templated":true}]}}