{"id":13568,"date":"2020-10-22T17:11:22","date_gmt":"2020-10-22T15:11:22","guid":{"rendered":"http:\/\/www.svzweckel.de\/?p=13568"},"modified":"2020-10-22T17:14:37","modified_gmt":"2020-10-22T15:14:37","slug":"die-zweite-mannschaft-des-sv-zweckel-entfuehrt-einen-punkt-vom-aufstiegsfavoriten-fsm","status":"publish","type":"post","link":"https:\/\/www.svzweckel.de\/?p=13568","title":{"rendered":"Die Zweite Mannschaft des SV Zweckel entf\u00fchrt einen Punkt beim Aufstiegsfavoriten FSM."},"content":{"rendered":"<p>Der Gast aus Zweckel startete mit einer defensiven Grundausrichtung. Man \u00fcberlie\u00df Gladbeck den Ball und nat\u00fcrlich kamen diese auch zu Chancen. Richtig zwingend war aber keine dieser Angriffsbem\u00fchungen. Ganz im Gegenteil zum SVZ. Zwei hunderprozentige Torchancen nach Kontersituation wurden liegen gelassen. Auch Chancen nach gef\u00e4hrlichen Standards brachten keinen Erfolg.<br \/>\nSo ging es torlos in die Kabinen.<\/p>\n<p>FSM hatte sich die ganze Partie nat\u00fcrlich ganz anders vorgestellt. So wechselten Sie im zweiten Durchgang weitere Offensivkr\u00e4fte ein, w\u00e4hrend bei den Schwarz-Gr\u00fcnen merklich die Kr\u00e4fte schwanden. Es entwickelte sich in der letzen halben Stunde nur noch ein Spiel auf das Tor der Zweitvertretung.<br \/>\nWenige Konterm\u00f6glichkeiten wurden nicht mehr konsequent zu Ende gespielt. Die letzten 20 Minuten brachten nochmal einige Highlights.<br \/>\nZun\u00e4chst flog Silvio Don Vizor nach einem Foulspiel mit gelb-rot vom Platz, da er wegen Zeitspiels nur wenige Minuten vorher verwarnt worden war.<br \/>\nF\u00fcnf Minuten vor Spielende bekam FSM schlie\u00dflich einen Strafsto\u00df zugesprochen, den Angelo Kuschel nicht nur parierte, sondern gar festhielt. Es war sein vierter gehaltener Strafsto\u00df von f\u00fcnf in dieser Saison.<br \/>\nDas dritte Highlight bot der Schiedsrichter mit einer v\u00f6llig \u00fcberzogenen Nachspielzeit von sechs Minuten.<br \/>\nDoch auch w\u00e4hrend dieser Zeit warf sich Zweckeler Garde in jeden Zweikampf und jeden Ball und hielt somit den Kasten sauber.<br \/>\nIn der 96. Spielminute folgte schlie\u00dflich das letzte Highlight. Bei einem Freisto\u00df aus rund 60 Metern versuchte Manuel Schmidt sein Gl\u00fcck, den zu weit vor dem Tor stehenden Torwart von FSM zu \u00fcberwinden. Von dessen Fingerspitzen prallte der Ball an die Unterlatte und dann wieder ins Spielfeld. Direkt im Anschluss war Feierabend. Der Siegtreffer und gleichzeitig ein Tor des Monats lagen sehr nah.<\/p>\n<p>Man muss der gesamten Mannschaft f\u00fcr diese aufopferungsvoll k\u00e4mpfende Leistung einen riesen Respekt zollen.<br \/>\nMit einem Punktgewinn gegen den haushohen Favoriten aus dem Gladbecker S\u00fcden h\u00e4tte vor dem Spiel wohl kaum einer gerechnet.<br \/>\nMit dieser Leistung aller Spieler und allen voran wiedermal einer sehr starken Verteidigung, ist der Punkt aber sehr verdient.<\/p>\n","protected":false},"excerpt":{"rendered":"<p>Der Gast aus Zweckel startete mit einer defensiven Grundausrichtung. Man \u00fcberlie\u00df Gladbeck den Ball und nat\u00fcrlich kamen diese auch zu Chancen. Richtig zwingend war aber keine dieser Angriffsbem\u00fchungen. Ganz im Gegenteil zum SVZ. Zwei hunderprozentige Torchancen nach Kontersituation wurden liegen gelassen. Auch Chancen nach gef\u00e4hrlichen Standards brachten keinen Erfolg. So ging es torlos in die [&hellip;]<\/p>\n","protected":false},"author":3,"featured_media":13566,"comment_status":"open","ping_status":"open","sticky":false,"template":"","format":"standard","meta":{"_jetpack_memberships_contains_paid_content":false,"footnotes":"","jetpack_publicize_message":"","jetpack_publicize_feature_enabled":true,"jetpack_social_post_already_shared":false,"jetpack_social_options":{"image_generator_settings":{"template":"highway","default_image_id":0,"font":"","enabled":false},"version":2}},"categories":[20],"tags":[],"class_list":["post-13568","post","type-post","status-publish","format-standard","has-post-thumbnail","hentry","category-2-mannschaft"],"jetpack_publicize_connections":[],"jetpack_featured_media_url":"https:\/\/i0.wp.com\/www.svzweckel.de\/wp-content\/uploads\/2020\/10\/wp-16033789498285323209577344453365.jpg?fit=1600%2C1200&ssl=1","jetpack_sharing_enabled":true,"_links":{"self":[{"href":"https:\/\/www.svzweckel.de\/index.php?rest_route=\/wp\/v2\/posts\/13568","targetHints":{"allow":["GET"]}}],"collection":[{"href":"https:\/\/www.svzweckel.de\/index.php?rest_route=\/wp\/v2\/posts"}],"about":[{"href":"https:\/\/www.svzweckel.de\/index.php?rest_route=\/wp\/v2\/types\/post"}],"author":[{"embeddable":true,"href":"https:\/\/www.svzweckel.de\/index.php?rest_route=\/wp\/v2\/users\/3"}],"replies":[{"embeddable":true,"href":"https:\/\/www.svzweckel.de\/index.php?rest_route=%2Fwp%2Fv2%2Fcomments&post=13568"}],"version-history":[{"count":0,"href":"https:\/\/www.svzweckel.de\/index.php?rest_route=\/wp\/v2\/posts\/13568\/revisions"}],"wp:featuredmedia":[{"embeddable":true,"href":"https:\/\/www.svzweckel.de\/index.php?rest_route=\/wp\/v2\/media\/13566"}],"wp:attachment":[{"href":"https:\/\/www.svzweckel.de\/index.php?rest_route=%2Fwp%2Fv2%2Fmedia&parent=13568"}],"wp:term":[{"taxonomy":"category","embeddable":true,"href":"https:\/\/www.svzweckel.de\/index.php?rest_route=%2Fwp%2Fv2%2Fcategories&post=13568"},{"taxonomy":"post_tag","embeddable":true,"href":"https:\/\/www.svzweckel.de\/index.php?rest_route=%2Fwp%2Fv2%2Ftags&post=13568"}],"curies":[{"name":"wp","href":"https:\/\/api.w.org\/{rel}","templated":true}]}}