{"id":13573,"date":"2020-10-23T14:28:00","date_gmt":"2020-10-23T12:28:00","guid":{"rendered":"http:\/\/www.svzweckel.de\/?p=13573"},"modified":"2020-10-23T15:13:26","modified_gmt":"2020-10-23T13:13:26","slug":"angespannte-personallage-der-zweiten","status":"publish","type":"post","link":"https:\/\/www.svzweckel.de\/?p=13573","title":{"rendered":"Angespannte Personallage der Zweiten"},"content":{"rendered":"<p>Sonntag, 25.10.20, 15:00 Uhr: SV Zweckel II\u00a0 &#8211; VfL Grafenwald<\/p>\n<p>Am kommenden Sonntag findet eine Spiel unter alten Bekannten statt. Sowohl Trainer J\u00f6rg Sievers, der zurzeit im Urlaub weilt, als auch drei weitere Zweckeler Spieler haben eine Grafenw\u00e4lder Vergangenheit.<\/p>\n<p>Der Gast ist sehr gut in die Saison gestartet und hat junge, hungrige Truppe. Mit vier Siegen und 12 Punkten stehen die &#8222;W\u00f6ller&#8220; auf dem f\u00fcnften Tabellenplatz und haben damit zwei Punkte mehr auf der Habenseite als die Schwarz-Gr\u00fcnen. Sollten die Zweckeler insbesondere k\u00e4mpferisch wieder an die Leistung der vergangenen Woche ankn\u00fcpfen, dann besteht auch eine gro\u00dfe Chance, die Punkte in Zweckel zu behalten.<\/p>\n<p>Lasse Neubauer kehrt wieder ins Team zur\u00fcck, dagegen muss Trainer Perry Pfeng auf Mike Schmiczek (verletzt) und auf Silvio Don Vizor (gelb-rote Karte) verzichten.<\/p>\n","protected":false},"excerpt":{"rendered":"<p>Sonntag, 25.10.20, 15:00 Uhr: SV Zweckel II\u00a0 &#8211; VfL Grafenwald Am kommenden Sonntag findet eine Spiel unter alten Bekannten statt. Sowohl Trainer J\u00f6rg Sievers, der zurzeit im Urlaub weilt, als auch drei weitere Zweckeler Spieler haben eine Grafenw\u00e4lder Vergangenheit. Der Gast ist sehr gut in die Saison gestartet und hat junge, hungrige Truppe. Mit vier [&hellip;]<\/p>\n","protected":false},"author":3,"featured_media":13567,"comment_status":"open","ping_status":"open","sticky":false,"template":"","format":"standard","meta":{"_jetpack_memberships_contains_paid_content":false,"footnotes":"","jetpack_publicize_message":"","jetpack_publicize_feature_enabled":true,"jetpack_social_post_already_shared":false,"jetpack_social_options":{"image_generator_settings":{"template":"highway","default_image_id":0,"font":"","enabled":false},"version":2}},"categories":[20],"tags":[],"class_list":["post-13573","post","type-post","status-publish","format-standard","has-post-thumbnail","hentry","category-2-mannschaft"],"jetpack_publicize_connections":[],"jetpack_featured_media_url":"https:\/\/i0.wp.com\/www.svzweckel.de\/wp-content\/uploads\/2020\/10\/wp-16033789843946844913731180738838.jpg?fit=1600%2C1200&ssl=1","jetpack_sharing_enabled":true,"_links":{"self":[{"href":"https:\/\/www.svzweckel.de\/index.php?rest_route=\/wp\/v2\/posts\/13573","targetHints":{"allow":["GET"]}}],"collection":[{"href":"https:\/\/www.svzweckel.de\/index.php?rest_route=\/wp\/v2\/posts"}],"about":[{"href":"https:\/\/www.svzweckel.de\/index.php?rest_route=\/wp\/v2\/types\/post"}],"author":[{"embeddable":true,"href":"https:\/\/www.svzweckel.de\/index.php?rest_route=\/wp\/v2\/users\/3"}],"replies":[{"embeddable":true,"href":"https:\/\/www.svzweckel.de\/index.php?rest_route=%2Fwp%2Fv2%2Fcomments&post=13573"}],"version-history":[{"count":0,"href":"https:\/\/www.svzweckel.de\/index.php?rest_route=\/wp\/v2\/posts\/13573\/revisions"}],"wp:featuredmedia":[{"embeddable":true,"href":"https:\/\/www.svzweckel.de\/index.php?rest_route=\/wp\/v2\/media\/13567"}],"wp:attachment":[{"href":"https:\/\/www.svzweckel.de\/index.php?rest_route=%2Fwp%2Fv2%2Fmedia&parent=13573"}],"wp:term":[{"taxonomy":"category","embeddable":true,"href":"https:\/\/www.svzweckel.de\/index.php?rest_route=%2Fwp%2Fv2%2Fcategories&post=13573"},{"taxonomy":"post_tag","embeddable":true,"href":"https:\/\/www.svzweckel.de\/index.php?rest_route=%2Fwp%2Fv2%2Ftags&post=13573"}],"curies":[{"name":"wp","href":"https:\/\/api.w.org\/{rel}","templated":true}]}}