{"id":13637,"date":"2021-02-24T16:30:04","date_gmt":"2021-02-24T15:30:04","guid":{"rendered":"http:\/\/www.svzweckel.de\/?p=13637"},"modified":"2021-02-24T16:30:04","modified_gmt":"2021-02-24T15:30:04","slug":"oeffnung-der-sportanlage-wird-fuer-die-naechste-woche-vorbereitet","status":"publish","type":"post","link":"https:\/\/www.svzweckel.de\/?p=13637","title":{"rendered":"\u00d6ffnung der Sportanlage wird f\u00fcr die n\u00e4chste Woche vorbereitet"},"content":{"rendered":"<p>Die ab dem 22.02.2021 geltende Coronaschutzverordnung in Nordrhein-Westfalen untersagt im \u00a7 9 (1) grunds\u00e4tzlich weiter den Freizeit- und Amateursportbetrieb auf und in allen \u00f6ffentlichen und privaten Sportanlagen und die Nutzung der Nebenr\u00e4ume wie Duschen etc. Sie schafft aber neue Ausnahmen.<\/p>\n<p><strong>F\u00fcr den SV Zweckel bedeutet das:<\/strong><\/p>\n<ul>\n<li>In Abstimmung mit der Stadt Gladbeck wird die Sportanlage wieder grunds\u00e4tzlich ge\u00f6ffnet.<\/li>\n<li>Auf den Sportpl\u00e4tzen an der Dorstener Stra\u00dfe k\u00f6nnen Einzelpersonen oder zwei Personen zusammen oder mehr als zwei Personen aus einem Hausstand ohne Abstandsgebot Sport betreiben.<\/li>\n<li>Zwischen den sich so bildenden Paaren und Einzelsportler bzw. zwischen sich so bildenden Paaren und Gruppen bzw. zwischen sich so bildenden Gruppen und Einzelsportlern bzw. zwischen Einzelsportlern und Einzelsportlern ist ein<strong> Sicherheitsabstand von 5 Metern<\/strong> einzuhalten.<\/li>\n<li>Die Traininigszeiten werden durch die Senioren- und Jugendabteilung abgestimmt und dann wird der Traingsbetrieb beim Amt f\u00fcr Sport und Ingegration der Stadt Gladbeck angemeldet.<\/li>\n<li>Die Duschen k\u00f6nnen weiterhin an der Sportanlage nicht genutzt werden.<\/li>\n<li>Das Vereinsheim und die Gesch\u00e4ftsstelle bleiben weiterhin geschlossen.<\/li>\n<\/ul>\n<p>&nbsp;<\/p>\n<p><b>Erlaubt <\/b>ist demnach das Lauftraining allein oder zu zweit mit einem festem Partner\/einer festen Partnerin, Ballspiel mit mehreren Personen eines Hausstandes, Balltraining zu zweit mit einem\/er festen Partner\/in.<\/p>\n<p><b>Nicht erlaubt ist ein<\/b> Mannschafts-\/Gruppentraining oder ein Paartraining mit\u00a0 wechselnden Partnern.<\/p>\n<p>Der SV Zweckel freut sich darauf, dass in der n\u00e4chsten Woche das Training der Kinder und Jugendlichen wieder beginnen kann, wenn auch wegen der Pandemie noch Einschr\u00e4nkungen gelten. Der Vorstand bitte alle Verantwortlichen und kleinen wie gro\u00dfen Fu\u00dfballer, die Vorgaben der Corona-Schutzverordnungn zu beachten und auf dem Platz die Abstandsregelen einzuhalten.<\/p>\n<p>Weitere Informationen \u00fcber die Trainingszeiten und -\u00f6rtlichkeiten werden durch den Vorstand und die Trainer an die jeweiligen Mannschaften gegeben.<\/p>\n<p>Bleibt gesund und passt auf Euch auf!<\/p>\n","protected":false},"excerpt":{"rendered":"<p>Die ab dem 22.02.2021 geltende Coronaschutzverordnung in Nordrhein-Westfalen untersagt im \u00a7 9 (1) grunds\u00e4tzlich weiter den Freizeit- und Amateursportbetrieb auf und in allen \u00f6ffentlichen und privaten Sportanlagen und die Nutzung der Nebenr\u00e4ume wie Duschen etc. Sie schafft aber neue Ausnahmen. F\u00fcr den SV Zweckel bedeutet das: In Abstimmung mit der Stadt Gladbeck wird die Sportanlage [&hellip;]<\/p>\n","protected":false},"author":3,"featured_media":10720,"comment_status":"open","ping_status":"closed","sticky":false,"template":"","format":"standard","meta":{"_jetpack_memberships_contains_paid_content":false,"footnotes":"","jetpack_publicize_message":"","jetpack_publicize_feature_enabled":true,"jetpack_social_post_already_shared":false,"jetpack_social_options":{"image_generator_settings":{"template":"highway","default_image_id":0,"font":"","enabled":false},"version":2}},"categories":[3],"tags":[],"class_list":["post-13637","post","type-post","status-publish","format-standard","has-post-thumbnail","hentry","category-allgemein"],"jetpack_publicize_connections":[],"jetpack_featured_media_url":"https:\/\/i0.wp.com\/www.svzweckel.de\/wp-content\/uploads\/2018\/09\/20180901_144055.jpg?fit=800%2C600&ssl=1","jetpack_sharing_enabled":true,"_links":{"self":[{"href":"https:\/\/www.svzweckel.de\/index.php?rest_route=\/wp\/v2\/posts\/13637","targetHints":{"allow":["GET"]}}],"collection":[{"href":"https:\/\/www.svzweckel.de\/index.php?rest_route=\/wp\/v2\/posts"}],"about":[{"href":"https:\/\/www.svzweckel.de\/index.php?rest_route=\/wp\/v2\/types\/post"}],"author":[{"embeddable":true,"href":"https:\/\/www.svzweckel.de\/index.php?rest_route=\/wp\/v2\/users\/3"}],"replies":[{"embeddable":true,"href":"https:\/\/www.svzweckel.de\/index.php?rest_route=%2Fwp%2Fv2%2Fcomments&post=13637"}],"version-history":[{"count":0,"href":"https:\/\/www.svzweckel.de\/index.php?rest_route=\/wp\/v2\/posts\/13637\/revisions"}],"wp:featuredmedia":[{"embeddable":true,"href":"https:\/\/www.svzweckel.de\/index.php?rest_route=\/wp\/v2\/media\/10720"}],"wp:attachment":[{"href":"https:\/\/www.svzweckel.de\/index.php?rest_route=%2Fwp%2Fv2%2Fmedia&parent=13637"}],"wp:term":[{"taxonomy":"category","embeddable":true,"href":"https:\/\/www.svzweckel.de\/index.php?rest_route=%2Fwp%2Fv2%2Fcategories&post=13637"},{"taxonomy":"post_tag","embeddable":true,"href":"https:\/\/www.svzweckel.de\/index.php?rest_route=%2Fwp%2Fv2%2Ftags&post=13637"}],"curies":[{"name":"wp","href":"https:\/\/api.w.org\/{rel}","templated":true}]}}