{"id":1372,"date":"2014-11-02T17:24:18","date_gmt":"2014-11-02T17:24:18","guid":{"rendered":"http:\/\/www.svzweckel.de\/?p=1372"},"modified":"2014-11-02T17:25:10","modified_gmt":"2014-11-02T17:25:10","slug":"die-reserve-legt-nach","status":"publish","type":"post","link":"https:\/\/www.svzweckel.de\/?p=1372","title":{"rendered":"Die Reserve legt nach!"},"content":{"rendered":"<p><strong>VfB Kirchhellen &#8211; SV Zweckel II 0:2 (0:0)<\/strong><\/p>\n<p>Nach dem \u00fcberzeugenden Sieg im Derby gegen FC Gladbeck stand f\u00fcr die Zweite das n\u00e4chste Derby an. Diesmal musste das Team von S\u00f6ren Sch\u00fcrer und Boris Crevatin bei herrlichstem Fu\u00dfballwetter auf dem Kirchhellener Rasen beim dort heimischen VfB antreten.<br \/>\nDer Kirchhellener Keeper Boris Bogdahn, der zur Aufstiegsmannschaft des SVZ in die Bezirksliga geh\u00f6rte, wollte am heutigen Tag sicher keine Tore seines alten Vereins zulassen, musste aber zumindest zweimal hinter sich greifen. Der Gastgeber spielte auf heimischem Gel\u00e4uf sehr defensiv und wollte mit schnellen Kontern die gute Abwehr des SVZ \u00fcberwinden. Das gelang am heutigen Tag jedoch kaum, denn der SVZ stand hinten stabil und lie\u00df nichts anbrennen. Nach vorne war der SVZ mit den schnellen Spitzen Brian Orbegozo und Tim Helwig immer pr\u00e4sent und brachte die G\u00e4steabwehr immer wieder in Verlegenheit. Eine ganz starke Partie machte Ekrem \u201eEko\u201c Kapusuz, der auf Abstimmungfehler der G\u00e4steabwehr lauerte und immer wieder dazwischen ging und f\u00fcr Unruhe sorgte. Er war es auch, der in seine Farben in der 50. Minute mit 0:1 in F\u00fchrung brachte. Kirchhellen musste die Defensivhaltung nun etwas lockern und nach vorne spielen. Somit ergaben sich f\u00fcr den SVZ gr\u00f6\u00dfere R\u00e4ume und der Gast nach dem F\u00fchrungstreffer schon eher den Ausbau der F\u00fchrung herbei f\u00fchren m\u00fcssen. Das lie\u00df jedoch noch bis zur 70. Minute auf sich warten, als \u201eEko\u201c erneut erfolgreich war.<br \/>\nIn der Folge war der SVZ dem dritten Tor n\u00e4her als der Gastgeber dem Anschlusstreffer, so dass der zweite Sieg in Folge einfahren werden konnte. Mit nun 15 Punkten und einem Nachholspiel gegen den Tabellenletzten YEG Hassel k\u00f6nnten die Zweckeler, einen Sieg vorausgesetzt, nach Punkten mit dem Tabellenvierten BV Rentfort gleichziehen.<br \/>\nAm n\u00e4chsten Sonntag darf die Mannschaft sich wieder in einem Derby beweisen. Dann kommt mit dem VfL Grafenwald der Tabellenf\u00fcnfte in den K\u00e4fig, zu dem mit einem Sieg aufgeschlossen werden kann.<\/p>\n","protected":false},"excerpt":{"rendered":"<p>VfB Kirchhellen &#8211; SV Zweckel II 0:2 (0:0) Nach dem \u00fcberzeugenden Sieg im Derby gegen FC Gladbeck stand f\u00fcr die Zweite das n\u00e4chste Derby an. Diesmal musste das Team von S\u00f6ren Sch\u00fcrer und Boris Crevatin bei herrlichstem Fu\u00dfballwetter auf dem Kirchhellener Rasen beim dort heimischen VfB antreten. Der Kirchhellener Keeper Boris Bogdahn, der zur Aufstiegsmannschaft [&hellip;]<\/p>\n","protected":false},"author":3,"featured_media":0,"comment_status":"open","ping_status":"open","sticky":false,"template":"","format":"standard","meta":{"_jetpack_memberships_contains_paid_content":false,"footnotes":"","jetpack_publicize_message":"","jetpack_publicize_feature_enabled":true,"jetpack_social_post_already_shared":false,"jetpack_social_options":{"image_generator_settings":{"template":"highway","default_image_id":0,"font":"","enabled":false},"version":2}},"categories":[20],"tags":[],"class_list":["post-1372","post","type-post","status-publish","format-standard","hentry","category-2-mannschaft"],"jetpack_publicize_connections":[],"jetpack_featured_media_url":"","jetpack_sharing_enabled":true,"_links":{"self":[{"href":"https:\/\/www.svzweckel.de\/index.php?rest_route=\/wp\/v2\/posts\/1372","targetHints":{"allow":["GET"]}}],"collection":[{"href":"https:\/\/www.svzweckel.de\/index.php?rest_route=\/wp\/v2\/posts"}],"about":[{"href":"https:\/\/www.svzweckel.de\/index.php?rest_route=\/wp\/v2\/types\/post"}],"author":[{"embeddable":true,"href":"https:\/\/www.svzweckel.de\/index.php?rest_route=\/wp\/v2\/users\/3"}],"replies":[{"embeddable":true,"href":"https:\/\/www.svzweckel.de\/index.php?rest_route=%2Fwp%2Fv2%2Fcomments&post=1372"}],"version-history":[{"count":0,"href":"https:\/\/www.svzweckel.de\/index.php?rest_route=\/wp\/v2\/posts\/1372\/revisions"}],"wp:attachment":[{"href":"https:\/\/www.svzweckel.de\/index.php?rest_route=%2Fwp%2Fv2%2Fmedia&parent=1372"}],"wp:term":[{"taxonomy":"category","embeddable":true,"href":"https:\/\/www.svzweckel.de\/index.php?rest_route=%2Fwp%2Fv2%2Fcategories&post=1372"},{"taxonomy":"post_tag","embeddable":true,"href":"https:\/\/www.svzweckel.de\/index.php?rest_route=%2Fwp%2Fv2%2Ftags&post=1372"}],"curies":[{"name":"wp","href":"https:\/\/api.w.org\/{rel}","templated":true}]}}