{"id":13745,"date":"2021-06-30T17:31:43","date_gmt":"2021-06-30T15:31:43","guid":{"rendered":"https:\/\/www.svzweckel.de\/?p=13745"},"modified":"2021-06-30T23:13:19","modified_gmt":"2021-06-30T21:13:19","slug":"fussballfabrik-ingo-anderbruegge-gastiert-vom-09-bis-11-august-in-zweckel","status":"publish","type":"post","link":"https:\/\/www.svzweckel.de\/?p=13745","title":{"rendered":"Fu\u00dfballfabrik Ingo Anderbr\u00fcgge gastiert vom 09. bis 11. August in Zweckel"},"content":{"rendered":"<p>Die Fu\u00dfballfabrik Ingo Anderbr\u00fcge gastiert mit einem Basiscamp vom 09. bis zum 11. August am Rasenplatz an der Dorstener Stra\u00dfe.<\/p>\n<p>Dieses Basiscamp richt sich als die erste Stufe eines Ausbildungskonzeptes an alle fu\u00dfballbegeisterten Jungen und M\u00e4dchen im Alter von 5 bis 15 Jahren.<\/p>\n<p>Einige Pl\u00e4tze sind noch frei und k\u00f6nnen f\u00fcr 130,- \u20ac \u00fcber die Jugendabteilung des SV Zweckel gebucht werden (Ansprechpartner Markus Ptok, Tel. 0177 3376820 oder ptok@svzweckel.de)<\/p>\n<p>In diesen Kosten sind folgende Leistungen enthalten:<\/p>\n<ul style=\"list-style-type: circle;\">\n<li>6 Trainingseinheiten an 3 Tagen<\/li>\n<li>Fu\u00dfballworkshops<\/li>\n<li>Mittagessen und Getr\u00e4nke<\/li>\n<li>Ausstattung:<\/li>\n<li>Trikot<\/li>\n<li>Hybrid-Trainingsball<\/li>\n<li>Trinkflasche<\/li>\n<\/ul>\n<p><strong>Campablauf:<\/strong><\/p>\n<p><!--more--><\/p>\n<p><strong>1. Tag (09.08.21)<\/strong><\/p>\n<p>09:30 Uhr:\u00a0 Anreise + Einkleidung<\/p>\n<p>09:45 Uhr &#8211; \u00a0 10:00 Uhr: \u00a0\u00a0 Begr\u00fc\u00dfung + Warm-Up<\/p>\n<p>10:00 Uhr &#8211; \u00a0 12:00 Uhr: \u00a0\u00a0 1. Training<\/p>\n<p>12:00 Uhr &#8211; \u00a0 13:15 Uhr: \u00a0\u00a0 Gemeinsames Mittagessen + Fu\u00dfball-Workshop<\/p>\n<p>13:15 Uhr &#8211; \u00a0 14:00 Uhr: \u00a0\u00a0 Qualifikation Dribbelk\u00f6nig<\/p>\n<p>14:00 Uhr &#8211; \u00a0 15:30 Uhr: \u00a0\u00a0 2. Training<\/p>\n<p>15:30 Uhr &#8211; \u00a0 16:00 Uhr: \u00a0\u00a0 Finale Dribbelk\u00f6nig<\/p>\n<p>16:00 Uhr: \u00a0\u00a0 Verabschiedung der Kinder<\/p>\n<p><strong>2. Tag (10.08.21)<\/strong><\/p>\n<p>09:45 Uhr &#8211; \u00a0 10:00 Uhr: \u00a0\u00a0 Begr\u00fc\u00dfung + Warm-Up<\/p>\n<p>10:00 Uhr &#8211; \u00a0 12:00 Uhr: \u00a0\u00a0 3. Training<\/p>\n<p>12:00 Uhr &#8211; \u00a0 13:15 Uhr: \u00a0\u00a0 Gemeinsames Mittagessen + Fu\u00dfball-Workshop<\/p>\n<p>13:15 Uhr &#8211; \u00a0 14:00 Uhr: \u00a0\u00a0 Qualifikation Elferk\u00f6nig<\/p>\n<p>14:00 Uhr &#8211; \u00a0 15:30 Uhr: \u00a0\u00a0 4. Training<\/p>\n<p>15:30 Uhr &#8211; \u00a0 16:00 Uhr: \u00a0\u00a0 Finale Elferk\u00f6nig<\/p>\n<p>16:00 Uhr: \u00a0\u00a0 Verabschiedung der Kinder<\/p>\n<p><strong>3. Tag (11.08.21)<\/strong><\/p>\n<p>09:45 Uhr &#8211; \u00a0 10:00 Uhr: \u00a0\u00a0 Begr\u00fc\u00dfung + Warm-Up<\/p>\n<p>10:00 Uhr &#8211; \u00a0 12:00 Uhr: \u00a0\u00a0 5. Training<\/p>\n<p>12:00 Uhr &#8211; \u00a0 13:15 Uhr: \u00a0\u00a0 Gemeinsames Mittagessen + Fu\u00dfball-Workshop<\/p>\n<p>13:15 Uhr &#8211; \u00a0 14:00 Uhr: \u00a0\u00a0 Wettbewerb Mr. Hammer<\/p>\n<p>14:00 Uhr &#8211; \u00a0 15:30 Uhr: \u00a0\u00a0 Abschlussturnier (6. Einheit)<\/p>\n<p>15:30 Uhr &#8211; \u00a0 16:00 Uhr: \u00a0\u00a0 Siegerehrung der Wettbewerbe + Verabschiedung der Kinder<\/p>\n","protected":false},"excerpt":{"rendered":"<p>Die Fu\u00dfballfabrik Ingo Anderbr\u00fcge gastiert mit einem Basiscamp vom 09. bis zum 11. August am Rasenplatz an der Dorstener Stra\u00dfe. Dieses Basiscamp richt sich als die erste Stufe eines Ausbildungskonzeptes an alle fu\u00dfballbegeisterten Jungen und M\u00e4dchen im Alter von 5 bis 15 Jahren. Einige Pl\u00e4tze sind noch frei und k\u00f6nnen f\u00fcr 130,- \u20ac \u00fcber die [&hellip;]<\/p>\n","protected":false},"author":3,"featured_media":6495,"comment_status":"open","ping_status":"closed","sticky":false,"template":"","format":"standard","meta":{"_jetpack_memberships_contains_paid_content":false,"footnotes":"","jetpack_publicize_message":"","jetpack_publicize_feature_enabled":true,"jetpack_social_post_already_shared":false,"jetpack_social_options":{"image_generator_settings":{"template":"highway","default_image_id":0,"font":"","enabled":false},"version":2}},"categories":[2],"tags":[],"class_list":["post-13745","post","type-post","status-publish","format-standard","has-post-thumbnail","hentry","category-1-mannschaft"],"jetpack_publicize_connections":[],"jetpack_featured_media_url":"https:\/\/i0.wp.com\/www.svzweckel.de\/wp-content\/uploads\/2014\/08\/P1010286-e1625067252902.jpg?fit=837%2C496&ssl=1","jetpack_sharing_enabled":true,"_links":{"self":[{"href":"https:\/\/www.svzweckel.de\/index.php?rest_route=\/wp\/v2\/posts\/13745","targetHints":{"allow":["GET"]}}],"collection":[{"href":"https:\/\/www.svzweckel.de\/index.php?rest_route=\/wp\/v2\/posts"}],"about":[{"href":"https:\/\/www.svzweckel.de\/index.php?rest_route=\/wp\/v2\/types\/post"}],"author":[{"embeddable":true,"href":"https:\/\/www.svzweckel.de\/index.php?rest_route=\/wp\/v2\/users\/3"}],"replies":[{"embeddable":true,"href":"https:\/\/www.svzweckel.de\/index.php?rest_route=%2Fwp%2Fv2%2Fcomments&post=13745"}],"version-history":[{"count":0,"href":"https:\/\/www.svzweckel.de\/index.php?rest_route=\/wp\/v2\/posts\/13745\/revisions"}],"wp:featuredmedia":[{"embeddable":true,"href":"https:\/\/www.svzweckel.de\/index.php?rest_route=\/wp\/v2\/media\/6495"}],"wp:attachment":[{"href":"https:\/\/www.svzweckel.de\/index.php?rest_route=%2Fwp%2Fv2%2Fmedia&parent=13745"}],"wp:term":[{"taxonomy":"category","embeddable":true,"href":"https:\/\/www.svzweckel.de\/index.php?rest_route=%2Fwp%2Fv2%2Fcategories&post=13745"},{"taxonomy":"post_tag","embeddable":true,"href":"https:\/\/www.svzweckel.de\/index.php?rest_route=%2Fwp%2Fv2%2Ftags&post=13745"}],"curies":[{"name":"wp","href":"https:\/\/api.w.org\/{rel}","templated":true}]}}