{"id":13759,"date":"2021-07-07T21:51:28","date_gmt":"2021-07-07T19:51:28","guid":{"rendered":"https:\/\/www.svzweckel.de\/?p=13759"},"modified":"2021-07-07T21:51:29","modified_gmt":"2021-07-07T19:51:29","slug":"vorbereitung-der-zweitvertretung","status":"publish","type":"post","link":"https:\/\/www.svzweckel.de\/?p=13759","title":{"rendered":"Vorbereitung der Zweitvertretung"},"content":{"rendered":"\n<p>Nach der ersten Mannschaft steigt am kommenden Freitag, 09.07 auch die Zweitvertretung des SVZ in die Vorbereitung ein.<br>Anschlie\u00dfend steigt der erste Mannschaftsabend, zu welchem alle Freunde der Mannschaft eingeladen sind.<\/p>\n\n\n\n<p>Die \u00dcberraschungsmannschaft der vergangenen, abgebrochenen Saison konnte gr\u00f6\u00dftenteils beisammengehalten werden. Die Abg\u00e4nge von Sven Matel (Fu\u00dfballpause), Idriss Deugoue (Studium), Fatih und Yasin Karamis (Genclerbirgili Resse) konnten kompensiert werden.<br>Von Schwarz-Blau Gladbeck kommen Luca-Leon Warncke und Justin Dennst\u00e4dt. Zweiterer kehrt damit an seine alte Wirkungsst\u00e4tte zur\u00fcck. Besonders erfreulich ist zudem, dass in Person von Leon Podlesny und Ramazan K\u00f6sen zwei Spieler aus der eigenen Jugend zum Team dazusto\u00dfen. Auch Marcel Lachmanski wechselt nun fest von der ersten in die zweite Garde der Schwarz-Gr\u00fcnen, nachdem er bereits zuvor h\u00e4ufig aushalf. Bereits im Winter konnte man Benjamin Flohr von einer R\u00fcckkehr und Serkan Kanoglu zu einem Wechsel an die Dorstener Stra\u00dfe \u00fcberzeugen.<\/p>\n\n\n\n<p>Nach langer Verletzung greift auch Jakob Pleiss wieder an und wird die Offensive der Zweiten verst\u00e4rken. <\/p>\n\n\n\n<p>Aktuell stellen sich im Training zudem vier weitere Probespieler vor. Vielleicht kann man bald noch weitere Zug\u00e4nge pr\u00e4sentieren.<\/p>\n\n\n\n<p>Das erste Testspiel findet am 18.07 beim VfL Grafenwald 2 statt.<\/p>\n","protected":false},"excerpt":{"rendered":"<p>Nach der ersten Mannschaft steigt am kommenden Freitag, 09.07 auch die Zweitvertretung des SVZ in die Vorbereitung ein.Anschlie\u00dfend steigt der erste Mannschaftsabend, zu welchem alle Freunde der Mannschaft eingeladen sind. Die \u00dcberraschungsmannschaft der vergangenen, abgebrochenen Saison konnte gr\u00f6\u00dftenteils beisammengehalten werden. Die Abg\u00e4nge von Sven Matel (Fu\u00dfballpause), Idriss Deugoue (Studium), Fatih und Yasin Karamis (Genclerbirgili Resse) [&hellip;]<\/p>\n","protected":false},"author":3,"featured_media":13729,"comment_status":"closed","ping_status":"closed","sticky":false,"template":"","format":"standard","meta":{"_jetpack_memberships_contains_paid_content":false,"footnotes":"","jetpack_publicize_message":"","jetpack_publicize_feature_enabled":true,"jetpack_social_post_already_shared":false,"jetpack_social_options":{"image_generator_settings":{"template":"highway","default_image_id":0,"font":"","enabled":false},"version":2}},"categories":[20],"tags":[],"class_list":["post-13759","post","type-post","status-publish","format-standard","has-post-thumbnail","hentry","category-2-mannschaft"],"jetpack_publicize_connections":[],"jetpack_featured_media_url":"https:\/\/i0.wp.com\/www.svzweckel.de\/wp-content\/uploads\/2021\/06\/DSC04749.jpg?fit=800%2C450&ssl=1","jetpack_sharing_enabled":true,"_links":{"self":[{"href":"https:\/\/www.svzweckel.de\/index.php?rest_route=\/wp\/v2\/posts\/13759","targetHints":{"allow":["GET"]}}],"collection":[{"href":"https:\/\/www.svzweckel.de\/index.php?rest_route=\/wp\/v2\/posts"}],"about":[{"href":"https:\/\/www.svzweckel.de\/index.php?rest_route=\/wp\/v2\/types\/post"}],"author":[{"embeddable":true,"href":"https:\/\/www.svzweckel.de\/index.php?rest_route=\/wp\/v2\/users\/3"}],"replies":[{"embeddable":true,"href":"https:\/\/www.svzweckel.de\/index.php?rest_route=%2Fwp%2Fv2%2Fcomments&post=13759"}],"version-history":[{"count":0,"href":"https:\/\/www.svzweckel.de\/index.php?rest_route=\/wp\/v2\/posts\/13759\/revisions"}],"wp:featuredmedia":[{"embeddable":true,"href":"https:\/\/www.svzweckel.de\/index.php?rest_route=\/wp\/v2\/media\/13729"}],"wp:attachment":[{"href":"https:\/\/www.svzweckel.de\/index.php?rest_route=%2Fwp%2Fv2%2Fmedia&parent=13759"}],"wp:term":[{"taxonomy":"category","embeddable":true,"href":"https:\/\/www.svzweckel.de\/index.php?rest_route=%2Fwp%2Fv2%2Fcategories&post=13759"},{"taxonomy":"post_tag","embeddable":true,"href":"https:\/\/www.svzweckel.de\/index.php?rest_route=%2Fwp%2Fv2%2Ftags&post=13759"}],"curies":[{"name":"wp","href":"https:\/\/api.w.org\/{rel}","templated":true}]}}