{"id":1376,"date":"2014-11-03T11:22:41","date_gmt":"2014-11-03T11:22:41","guid":{"rendered":"http:\/\/www.svzweckel.de\/?p=1376"},"modified":"2014-11-05T19:44:55","modified_gmt":"2014-11-05T19:44:55","slug":"nachwuchs-punktet-weiter","status":"publish","type":"post","link":"https:\/\/www.svzweckel.de\/?p=1376","title":{"rendered":"Nachwuchs punktet weiter!"},"content":{"rendered":"<p><strong>A-Jugend: SV Zweckel .\/. BV Rentfort 5:0<\/strong><\/p>\n<p>Unsere A-Junioren holten am Sonntag, den 02.11.2014 drei weitere wichtige Punkte. Und das mit einem deutlichen Sieg im Derby gegen den BV Rentfort, welcher nichts dagegen zu setzen hatte.<\/p>\n<p>In den ersten zehn Minuten tasteten die Gr\u00fcnhemden erst einmal an. Dann aber wurde das Tempo erh\u00f6ht und folgerichtig fiel. Nach einem tollen Freisto\u00df k\u00f6pfte Lukas Tomanek zum 1:0 F\u00fchrungstreffer ein. Direkt nach dem Ansto\u00df eroberten die Zweckeler wieder den Ball und Madhi versenkte zum 2:0. Die Gr\u00fcnhemden gewannen die Zweik\u00e4mpfe und dominierten das Spiel. Der BV Rentfort hatte rein gar nichts dagegen zu setzen. Das 3:0 durch Tim Dreiskemper wurde sehenswert herausgespielt. Adrian Gasi setzte noch vor der Halbzeit einen drauf und erh\u00f6hte den Spielstand auf 4:0. Nun ging es in den Pausentee. Nun dachte man, dass der bisher \u00fcberrumpelte BV Rentfort noch etwas dagegen setzen w\u00fcrde. Aber dem war nicht so. Auch in der zweiten Halbzeit kamen die G\u00e4ste zu keinem Torschuss. Die Zweckeler nahmen das Tempo raus, Trainer Mike Theis wechselte flei\u00dfig durch und es entwickelte sich eine eher &#8222;lange&#8220; zweite Halbzeit. Nico M\u00fcller setzte dann kurz vor Ende mit einem sch\u00f6nen Tor den Schlu\u00dfpunkt. Endstand 5:0<\/p>\n<p><strong>B-Jugend: VFB Kirchhellen .\/. SV Zweckel \u00a00:1<\/strong><\/p>\n<p>Die Zweckeler konnten einen weiteren Dreier einfahren. Das Spiel beim VFB Kirchhellen geh\u00f6rte wohl nicht gerade zu den besten Kreisliga A Spielen, jedoch gen\u00fcgte es, um 3 weitere Punkte zu holen.<\/p>\n<p>Torsch\u00fctze: Oliver Meise<\/p>\n","protected":false},"excerpt":{"rendered":"<p>A-Jugend: SV Zweckel .\/. BV Rentfort 5:0 Unsere A-Junioren holten am Sonntag, den 02.11.2014 drei weitere wichtige Punkte. Und das mit einem deutlichen Sieg im Derby gegen den BV Rentfort, welcher nichts dagegen zu setzen hatte. In den ersten zehn Minuten tasteten die Gr\u00fcnhemden erst einmal an. Dann aber wurde das Tempo erh\u00f6ht und folgerichtig [&hellip;]<\/p>\n","protected":false},"author":3,"featured_media":1377,"comment_status":"open","ping_status":"open","sticky":false,"template":"","format":"standard","meta":{"_jetpack_memberships_contains_paid_content":false,"footnotes":"","jetpack_publicize_message":"","jetpack_publicize_feature_enabled":true,"jetpack_social_post_already_shared":false,"jetpack_social_options":{"image_generator_settings":{"template":"highway","default_image_id":0,"font":"","enabled":false},"version":2}},"categories":[1],"tags":[],"class_list":["post-1376","post","type-post","status-publish","format-standard","has-post-thumbnail","hentry","category-uncategorized"],"jetpack_publicize_connections":[],"jetpack_featured_media_url":"https:\/\/i0.wp.com\/www.svzweckel.de\/wp-content\/uploads\/2014\/11\/2014-11-02-12.07.35-HDR.jpg?fit=800%2C600&ssl=1","jetpack_sharing_enabled":true,"_links":{"self":[{"href":"https:\/\/www.svzweckel.de\/index.php?rest_route=\/wp\/v2\/posts\/1376","targetHints":{"allow":["GET"]}}],"collection":[{"href":"https:\/\/www.svzweckel.de\/index.php?rest_route=\/wp\/v2\/posts"}],"about":[{"href":"https:\/\/www.svzweckel.de\/index.php?rest_route=\/wp\/v2\/types\/post"}],"author":[{"embeddable":true,"href":"https:\/\/www.svzweckel.de\/index.php?rest_route=\/wp\/v2\/users\/3"}],"replies":[{"embeddable":true,"href":"https:\/\/www.svzweckel.de\/index.php?rest_route=%2Fwp%2Fv2%2Fcomments&post=1376"}],"version-history":[{"count":0,"href":"https:\/\/www.svzweckel.de\/index.php?rest_route=\/wp\/v2\/posts\/1376\/revisions"}],"wp:featuredmedia":[{"embeddable":true,"href":"https:\/\/www.svzweckel.de\/index.php?rest_route=\/wp\/v2\/media\/1377"}],"wp:attachment":[{"href":"https:\/\/www.svzweckel.de\/index.php?rest_route=%2Fwp%2Fv2%2Fmedia&parent=1376"}],"wp:term":[{"taxonomy":"category","embeddable":true,"href":"https:\/\/www.svzweckel.de\/index.php?rest_route=%2Fwp%2Fv2%2Fcategories&post=1376"},{"taxonomy":"post_tag","embeddable":true,"href":"https:\/\/www.svzweckel.de\/index.php?rest_route=%2Fwp%2Fv2%2Ftags&post=1376"}],"curies":[{"name":"wp","href":"https:\/\/api.w.org\/{rel}","templated":true}]}}