{"id":13774,"date":"2021-07-11T18:25:21","date_gmt":"2021-07-11T16:25:21","guid":{"rendered":"https:\/\/www.svzweckel.de\/?p=13774"},"modified":"2021-07-11T18:25:23","modified_gmt":"2021-07-11T16:25:23","slug":"ordentlicher-auftakt-nach-langer-fussballloser-zeit","status":"publish","type":"post","link":"https:\/\/www.svzweckel.de\/?p=13774","title":{"rendered":"Ordentlicher Auftakt nach langer fu\u00dfballloser Zeit"},"content":{"rendered":"\n<p>SV Zweckel &#8211; BV Langendreer 3:0<\/p>\n\n\n\n<p>Die Erste des SV Zweckel durfte nach fast 9 fu\u00dfballlosen Monaten endlich wieder auf dem Rasen an der Dortener Stra\u00dfe hinter dem Ball herjagen. Trainer Guido Naumann hatte zum Auftakt einen Gegner aus der Kreisliga A aus Bochum organisiert, der in der ersten Halbzeit dem Gastgeber l\u00e4uferisch fast ebenb\u00fcrtig war. <\/p>\n\n\n\n<p>Die neu formierte Mannschaft stand erfreulicherweise auch im ersten Freundschaftsspiel sehr sicher und gestattete dem Gegner keine echten Torchanden. Bereits nach acht Minuten gingen die Platzherren durch Pascalis Terzis, nach einer Co-Produktion mit Jan Schwers, in F\u00fchrung. In der Folge waren die Zweckeler weiterhin am Dr\u00fccker, vers\u00e4umten  es jedoch mehr Treffer zu erzielen. <\/p>\n\n\n\n<figure class=\"wp-block-image size-large is-resized\"><img data-recalc-dims=\"1\" loading=\"lazy\" decoding=\"async\" src=\"https:\/\/i0.wp.com\/www.svzweckel.de\/wp-content\/uploads\/2021\/07\/DSC00024.jpg?resize=629%2C419&#038;ssl=1\" alt=\"\" class=\"wp-image-13798\" width=\"629\" height=\"419\" srcset=\"https:\/\/i0.wp.com\/www.svzweckel.de\/wp-content\/uploads\/2021\/07\/DSC00024.jpg?w=800&amp;ssl=1 800w, https:\/\/i0.wp.com\/www.svzweckel.de\/wp-content\/uploads\/2021\/07\/DSC00024.jpg?resize=300%2C200&amp;ssl=1 300w, https:\/\/i0.wp.com\/www.svzweckel.de\/wp-content\/uploads\/2021\/07\/DSC00024.jpg?resize=768%2C512&amp;ssl=1 768w, https:\/\/i0.wp.com\/www.svzweckel.de\/wp-content\/uploads\/2021\/07\/DSC00024.jpg?resize=150%2C100&amp;ssl=1 150w, https:\/\/i0.wp.com\/www.svzweckel.de\/wp-content\/uploads\/2021\/07\/DSC00024.jpg?resize=100%2C67&amp;ssl=1 100w, https:\/\/i0.wp.com\/www.svzweckel.de\/wp-content\/uploads\/2021\/07\/DSC00024.jpg?resize=50%2C33&amp;ssl=1 50w, https:\/\/i0.wp.com\/www.svzweckel.de\/wp-content\/uploads\/2021\/07\/DSC00024.jpg?resize=25%2C17&amp;ssl=1 25w, https:\/\/i0.wp.com\/www.svzweckel.de\/wp-content\/uploads\/2021\/07\/DSC00024.jpg?resize=480%2C320&amp;ssl=1 480w, https:\/\/i0.wp.com\/www.svzweckel.de\/wp-content\/uploads\/2021\/07\/DSC00024.jpg?resize=160%2C107&amp;ssl=1 160w\" sizes=\"auto, (max-width: 629px) 100vw, 629px\" \/><\/figure>\n\n\n\n<p>Zu Beginn der zweite Halbzeit wechselte Guido Naumann mit Marlon Boris, Tristan Oben-Stintenberg, Robin Dettmar und Justin Andjelkovic seine &#8222;jungen Wilden&#8220; ein, die allesamt ihre Sache sehr gut machten. Im Verlauf des Spiels erspielten sich die Zweckeler Chance um Chance, mussten jedoch bis zur 72. Minute warten, ehe Co-Trainer und Kapit\u00e4n Sebastian Hagemeister das 2:0 erzielte. Nur sechs Minuten sp\u00e4ter traf auch Neuzugang Andrei Parvulescu zum 3:0. <\/p>\n\n\n\n<p>Die mehr als 100 Zuschauer sahen ein munteres Spiel der Heimmannschaft, welches Lust auf mehr machte. <\/p>\n\n\n\n<p>Die n\u00e4chste Partie steht am kommenden Samstag, 17.07.21, 14:30 Uhr gegen Spvgg Schonnebeck 2 an.<\/p>\n","protected":false},"excerpt":{"rendered":"<p>SV Zweckel &#8211; BV Langendreer 3:0 Die Erste des SV Zweckel durfte nach fast 9 fu\u00dfballlosen Monaten endlich wieder auf dem Rasen an der Dortener Stra\u00dfe hinter dem Ball herjagen. Trainer Guido Naumann hatte zum Auftakt einen Gegner aus der Kreisliga A aus Bochum organisiert, der in der ersten Halbzeit dem Gastgeber l\u00e4uferisch fast ebenb\u00fcrtig [&hellip;]<\/p>\n","protected":false},"author":3,"featured_media":13801,"comment_status":"open","ping_status":"closed","sticky":false,"template":"","format":"standard","meta":{"_jetpack_memberships_contains_paid_content":false,"footnotes":"","jetpack_publicize_message":"","jetpack_publicize_feature_enabled":true,"jetpack_social_post_already_shared":false,"jetpack_social_options":{"image_generator_settings":{"template":"highway","default_image_id":0,"font":"","enabled":false},"version":2}},"categories":[2],"tags":[],"class_list":["post-13774","post","type-post","status-publish","format-standard","has-post-thumbnail","hentry","category-1-mannschaft"],"jetpack_publicize_connections":[],"jetpack_featured_media_url":"https:\/\/i0.wp.com\/www.svzweckel.de\/wp-content\/uploads\/2021\/07\/DSC00027.jpg?fit=800%2C533&ssl=1","jetpack_sharing_enabled":true,"_links":{"self":[{"href":"https:\/\/www.svzweckel.de\/index.php?rest_route=\/wp\/v2\/posts\/13774","targetHints":{"allow":["GET"]}}],"collection":[{"href":"https:\/\/www.svzweckel.de\/index.php?rest_route=\/wp\/v2\/posts"}],"about":[{"href":"https:\/\/www.svzweckel.de\/index.php?rest_route=\/wp\/v2\/types\/post"}],"author":[{"embeddable":true,"href":"https:\/\/www.svzweckel.de\/index.php?rest_route=\/wp\/v2\/users\/3"}],"replies":[{"embeddable":true,"href":"https:\/\/www.svzweckel.de\/index.php?rest_route=%2Fwp%2Fv2%2Fcomments&post=13774"}],"version-history":[{"count":0,"href":"https:\/\/www.svzweckel.de\/index.php?rest_route=\/wp\/v2\/posts\/13774\/revisions"}],"wp:featuredmedia":[{"embeddable":true,"href":"https:\/\/www.svzweckel.de\/index.php?rest_route=\/wp\/v2\/media\/13801"}],"wp:attachment":[{"href":"https:\/\/www.svzweckel.de\/index.php?rest_route=%2Fwp%2Fv2%2Fmedia&parent=13774"}],"wp:term":[{"taxonomy":"category","embeddable":true,"href":"https:\/\/www.svzweckel.de\/index.php?rest_route=%2Fwp%2Fv2%2Fcategories&post=13774"},{"taxonomy":"post_tag","embeddable":true,"href":"https:\/\/www.svzweckel.de\/index.php?rest_route=%2Fwp%2Fv2%2Ftags&post=13774"}],"curies":[{"name":"wp","href":"https:\/\/api.w.org\/{rel}","templated":true}]}}