{"id":13811,"date":"2021-07-12T15:17:54","date_gmt":"2021-07-12T13:17:54","guid":{"rendered":"https:\/\/www.svzweckel.de\/?p=13811"},"modified":"2021-07-12T15:17:55","modified_gmt":"2021-07-12T13:17:55","slug":"staffeleinteilung-bezirksliga-14","status":"publish","type":"post","link":"https:\/\/www.svzweckel.de\/?p=13811","title":{"rendered":"Staffeleinteilung Bezirksliga 14"},"content":{"rendered":"\n<p>Der Verbands-Fu\u00dfball-Ausschuss (VFA) des Fu\u00dfball- und Leichtathletik-Verbandes Westfalen (FLVW) hat die \u00fcberkreisliche Staffeleinteilung vorgenommen.<\/p>\n\n\n\n<p>Der SV Zweckel wird in der kommenden Saison in der Bezirksliga Staffel 14 (Staffelleiter Klaus Overwien) an den Start gehen. Nachfolgend sind alle 16 Vereine dieser Liga aufgelistet:<\/p>\n\n\n\n<ol class=\"wp-block-list\"><li>Spvgg. Erle 1919<\/li><li>BV Rentfort<\/li><li>VfB H\u00fcls<\/li><li>SC Hassel<\/li><li>SF Stuckenbusch<\/li><li>SV Zweckel<\/li><li>Westf. 04 Gelsenkirchen<\/li><li>SV Vestia Disteln<\/li><li>FC Marl<\/li><li>VfB Kirchhellen 1920<\/li><li>SV Ge-Hessler 06<\/li><li>Genclikspor Recklinghausen<\/li><li>SG Suderwich<\/li><li>SF Merfeld<\/li><li>TSG D\u00fclmen<\/li><li>SV Lippramsdorf<\/li><\/ol>\n","protected":false},"excerpt":{"rendered":"<p>Der Verbands-Fu\u00dfball-Ausschuss (VFA) des Fu\u00dfball- und Leichtathletik-Verbandes Westfalen (FLVW) hat die \u00fcberkreisliche Staffeleinteilung vorgenommen. Der SV Zweckel wird in der kommenden Saison in der Bezirksliga Staffel 14 (Staffelleiter Klaus Overwien) an den Start gehen. Nachfolgend sind alle 16 Vereine dieser Liga aufgelistet: Spvgg. Erle 1919 BV Rentfort VfB H\u00fcls SC Hassel SF Stuckenbusch SV Zweckel [&hellip;]<\/p>\n","protected":false},"author":3,"featured_media":13796,"comment_status":"open","ping_status":"closed","sticky":false,"template":"","format":"standard","meta":{"_jetpack_memberships_contains_paid_content":false,"footnotes":"","jetpack_publicize_message":"","jetpack_publicize_feature_enabled":true,"jetpack_social_post_already_shared":false,"jetpack_social_options":{"image_generator_settings":{"template":"highway","default_image_id":0,"font":"","enabled":false},"version":2}},"categories":[2],"tags":[],"class_list":["post-13811","post","type-post","status-publish","format-standard","has-post-thumbnail","hentry","category-1-mannschaft"],"jetpack_publicize_connections":[],"jetpack_featured_media_url":"https:\/\/i0.wp.com\/www.svzweckel.de\/wp-content\/uploads\/2021\/07\/DSC00022.jpg?fit=800%2C533&ssl=1","jetpack_sharing_enabled":true,"_links":{"self":[{"href":"https:\/\/www.svzweckel.de\/index.php?rest_route=\/wp\/v2\/posts\/13811","targetHints":{"allow":["GET"]}}],"collection":[{"href":"https:\/\/www.svzweckel.de\/index.php?rest_route=\/wp\/v2\/posts"}],"about":[{"href":"https:\/\/www.svzweckel.de\/index.php?rest_route=\/wp\/v2\/types\/post"}],"author":[{"embeddable":true,"href":"https:\/\/www.svzweckel.de\/index.php?rest_route=\/wp\/v2\/users\/3"}],"replies":[{"embeddable":true,"href":"https:\/\/www.svzweckel.de\/index.php?rest_route=%2Fwp%2Fv2%2Fcomments&post=13811"}],"version-history":[{"count":0,"href":"https:\/\/www.svzweckel.de\/index.php?rest_route=\/wp\/v2\/posts\/13811\/revisions"}],"wp:featuredmedia":[{"embeddable":true,"href":"https:\/\/www.svzweckel.de\/index.php?rest_route=\/wp\/v2\/media\/13796"}],"wp:attachment":[{"href":"https:\/\/www.svzweckel.de\/index.php?rest_route=%2Fwp%2Fv2%2Fmedia&parent=13811"}],"wp:term":[{"taxonomy":"category","embeddable":true,"href":"https:\/\/www.svzweckel.de\/index.php?rest_route=%2Fwp%2Fv2%2Fcategories&post=13811"},{"taxonomy":"post_tag","embeddable":true,"href":"https:\/\/www.svzweckel.de\/index.php?rest_route=%2Fwp%2Fv2%2Ftags&post=13811"}],"curies":[{"name":"wp","href":"https:\/\/api.w.org\/{rel}","templated":true}]}}