{"id":13813,"date":"2021-07-14T14:29:13","date_gmt":"2021-07-14T12:29:13","guid":{"rendered":"https:\/\/www.svzweckel.de\/?p=13813"},"modified":"2021-07-14T14:32:59","modified_gmt":"2021-07-14T12:32:59","slug":"rasenplatz-gesperrt","status":"publish","type":"post","link":"https:\/\/www.svzweckel.de\/?p=13813","title":{"rendered":"Rasenplatz gesperrt"},"content":{"rendered":"\n<p>In Absprache mit dem Sportamt der Stadt Gladbeck wurde der Rasenplatz des SV Zweckel an der Dorstener Stra\u00dfe kurzfristig gesperrt, da er auf Grund der Regenf\u00e4lle nicht bespielbar ist.<\/p>\n\n\n\n<p>Eine Freigabe kann m\u00f6glicherweise am Freitag oder Samstag erfolgen.<\/p>\n","protected":false},"excerpt":{"rendered":"<p>In Absprache mit dem Sportamt der Stadt Gladbeck wurde der Rasenplatz des SV Zweckel an der Dorstener Stra\u00dfe kurzfristig gesperrt, da er auf Grund der Regenf\u00e4lle nicht bespielbar ist. Eine Freigabe kann m\u00f6glicherweise am Freitag oder Samstag erfolgen.<\/p>\n","protected":false},"author":3,"featured_media":4574,"comment_status":"open","ping_status":"closed","sticky":false,"template":"","format":"standard","meta":{"_jetpack_memberships_contains_paid_content":false,"footnotes":"","jetpack_publicize_message":"","jetpack_publicize_feature_enabled":true,"jetpack_social_post_already_shared":false,"jetpack_social_options":{"image_generator_settings":{"template":"highway","default_image_id":0,"font":"","enabled":false},"version":2}},"categories":[2],"tags":[],"class_list":["post-13813","post","type-post","status-publish","format-standard","has-post-thumbnail","hentry","category-1-mannschaft"],"jetpack_publicize_connections":[],"jetpack_featured_media_url":"https:\/\/i0.wp.com\/www.svzweckel.de\/wp-content\/uploads\/2016\/03\/Platz.jpeg?fit=572%2C384&ssl=1","jetpack_sharing_enabled":true,"_links":{"self":[{"href":"https:\/\/www.svzweckel.de\/index.php?rest_route=\/wp\/v2\/posts\/13813","targetHints":{"allow":["GET"]}}],"collection":[{"href":"https:\/\/www.svzweckel.de\/index.php?rest_route=\/wp\/v2\/posts"}],"about":[{"href":"https:\/\/www.svzweckel.de\/index.php?rest_route=\/wp\/v2\/types\/post"}],"author":[{"embeddable":true,"href":"https:\/\/www.svzweckel.de\/index.php?rest_route=\/wp\/v2\/users\/3"}],"replies":[{"embeddable":true,"href":"https:\/\/www.svzweckel.de\/index.php?rest_route=%2Fwp%2Fv2%2Fcomments&post=13813"}],"version-history":[{"count":0,"href":"https:\/\/www.svzweckel.de\/index.php?rest_route=\/wp\/v2\/posts\/13813\/revisions"}],"wp:featuredmedia":[{"embeddable":true,"href":"https:\/\/www.svzweckel.de\/index.php?rest_route=\/wp\/v2\/media\/4574"}],"wp:attachment":[{"href":"https:\/\/www.svzweckel.de\/index.php?rest_route=%2Fwp%2Fv2%2Fmedia&parent=13813"}],"wp:term":[{"taxonomy":"category","embeddable":true,"href":"https:\/\/www.svzweckel.de\/index.php?rest_route=%2Fwp%2Fv2%2Fcategories&post=13813"},{"taxonomy":"post_tag","embeddable":true,"href":"https:\/\/www.svzweckel.de\/index.php?rest_route=%2Fwp%2Fv2%2Ftags&post=13813"}],"curies":[{"name":"wp","href":"https:\/\/api.w.org\/{rel}","templated":true}]}}