{"id":13824,"date":"2021-07-16T17:27:58","date_gmt":"2021-07-16T15:27:58","guid":{"rendered":"https:\/\/www.svzweckel.de\/?p=13824"},"modified":"2021-07-16T17:28:00","modified_gmt":"2021-07-16T15:28:00","slug":"am-samstag-geht-es-weiter","status":"publish","type":"post","link":"https:\/\/www.svzweckel.de\/?p=13824","title":{"rendered":"Am Samstag geht es weiter!"},"content":{"rendered":"\n<p>Samstag, 17.07.2021, 14:30 Uhr: SV Zweckel &#8211; SpVgg Schonnebeck II<\/p>\n\n\n\n<p>Nach den starken Regenf\u00e4llen und der Sperrung des Rasenplatzes an der Dorstener Stra\u00dfe steht dem SV Zweckel der Sportplatz am Samstag wieder zur Verf\u00fcgung. <\/p>\n\n\n\n<p>Die Erste empf\u00e4ngt die Spvgg Schonnebek II, welche in der Kreisliga A in Essen auf Tore- und Punktejagd geht. Bis auf einen Verletzten und einen Urlauber steht Guido Naumann vermutlich der gesamte Kader zur Verf\u00fcgung. Auch Alexander Tschalumjan wird voraussichtlich wieder fit sein und seine Mannschaft im Sturm verst\u00e4rken. <\/p>\n","protected":false},"excerpt":{"rendered":"<p>Samstag, 17.07.2021, 14:30 Uhr: SV Zweckel &#8211; SpVgg Schonnebeck II Nach den starken Regenf\u00e4llen und der Sperrung des Rasenplatzes an der Dorstener Stra\u00dfe steht dem SV Zweckel der Sportplatz am Samstag wieder zur Verf\u00fcgung. Die Erste empf\u00e4ngt die Spvgg Schonnebek II, welche in der Kreisliga A in Essen auf Tore- und Punktejagd geht. Bis auf [&hellip;]<\/p>\n","protected":false},"author":3,"featured_media":13800,"comment_status":"open","ping_status":"closed","sticky":false,"template":"","format":"standard","meta":{"_jetpack_memberships_contains_paid_content":false,"footnotes":"","jetpack_publicize_message":"","jetpack_publicize_feature_enabled":true,"jetpack_social_post_already_shared":false,"jetpack_social_options":{"image_generator_settings":{"template":"highway","default_image_id":0,"font":"","enabled":false},"version":2}},"categories":[2],"tags":[],"class_list":["post-13824","post","type-post","status-publish","format-standard","has-post-thumbnail","hentry","category-1-mannschaft"],"jetpack_publicize_connections":[],"jetpack_featured_media_url":"https:\/\/i0.wp.com\/www.svzweckel.de\/wp-content\/uploads\/2021\/07\/DSC00026.jpg?fit=800%2C533&ssl=1","jetpack_sharing_enabled":true,"_links":{"self":[{"href":"https:\/\/www.svzweckel.de\/index.php?rest_route=\/wp\/v2\/posts\/13824","targetHints":{"allow":["GET"]}}],"collection":[{"href":"https:\/\/www.svzweckel.de\/index.php?rest_route=\/wp\/v2\/posts"}],"about":[{"href":"https:\/\/www.svzweckel.de\/index.php?rest_route=\/wp\/v2\/types\/post"}],"author":[{"embeddable":true,"href":"https:\/\/www.svzweckel.de\/index.php?rest_route=\/wp\/v2\/users\/3"}],"replies":[{"embeddable":true,"href":"https:\/\/www.svzweckel.de\/index.php?rest_route=%2Fwp%2Fv2%2Fcomments&post=13824"}],"version-history":[{"count":0,"href":"https:\/\/www.svzweckel.de\/index.php?rest_route=\/wp\/v2\/posts\/13824\/revisions"}],"wp:featuredmedia":[{"embeddable":true,"href":"https:\/\/www.svzweckel.de\/index.php?rest_route=\/wp\/v2\/media\/13800"}],"wp:attachment":[{"href":"https:\/\/www.svzweckel.de\/index.php?rest_route=%2Fwp%2Fv2%2Fmedia&parent=13824"}],"wp:term":[{"taxonomy":"category","embeddable":true,"href":"https:\/\/www.svzweckel.de\/index.php?rest_route=%2Fwp%2Fv2%2Fcategories&post=13824"},{"taxonomy":"post_tag","embeddable":true,"href":"https:\/\/www.svzweckel.de\/index.php?rest_route=%2Fwp%2Fv2%2Ftags&post=13824"}],"curies":[{"name":"wp","href":"https:\/\/api.w.org\/{rel}","templated":true}]}}