{"id":13828,"date":"2021-07-22T07:28:55","date_gmt":"2021-07-22T05:28:55","guid":{"rendered":"https:\/\/www.svzweckel.de\/?p=13828"},"modified":"2021-07-22T07:28:58","modified_gmt":"2021-07-22T05:28:58","slug":"naechster-test-gegen-bismarck","status":"publish","type":"post","link":"https:\/\/www.svzweckel.de\/?p=13828","title":{"rendered":"N\u00e4chster Test gegen Bismarck"},"content":{"rendered":"\n<p>Donnerstag, 22.07.2021, 19:15 Uhr: SV Zweckel &#8211; ETuS Bismarck<\/p>\n\n\n\n<p>Nach dem 3:1-Sieg am letzten Samstag gegen die Spvgg Schonnebeck II steht f\u00fcr die Mannschaft von Guido Naumann der n\u00e4chste Test im Vorbereitungsprogramm auf dem Plan. <\/p>\n\n\n\n<p>Mit ETuS Bismarck stellt sich ein weiterer Kreisligist an der\u00a0Dorstener Stra\u00dfe vor, gegen den der SV Zweckel wieder einiges ausprobieren m\u00f6chte. Au\u00dferdem besteht die Hoffnung, dass die Auswechselbank wieder st\u00e4rker best\u00fcckt ist und der Kader damit etwas breiter aufgestellt ist.<\/p>\n\n\n\n<p><\/p>\n","protected":false},"excerpt":{"rendered":"<p>Donnerstag, 22.07.2021, 19:15 Uhr: SV Zweckel &#8211; ETuS Bismarck Nach dem 3:1-Sieg am letzten Samstag gegen die Spvgg Schonnebeck II steht f\u00fcr die Mannschaft von Guido Naumann der n\u00e4chste Test im Vorbereitungsprogramm auf dem Plan. Mit ETuS Bismarck stellt sich ein weiterer Kreisligist an der\u00a0Dorstener Stra\u00dfe vor, gegen den der SV Zweckel wieder einiges ausprobieren [&hellip;]<\/p>\n","protected":false},"author":3,"featured_media":13798,"comment_status":"open","ping_status":"closed","sticky":false,"template":"","format":"standard","meta":{"_jetpack_memberships_contains_paid_content":false,"footnotes":"","jetpack_publicize_message":"","jetpack_publicize_feature_enabled":true,"jetpack_social_post_already_shared":false,"jetpack_social_options":{"image_generator_settings":{"template":"highway","default_image_id":0,"font":"","enabled":false},"version":2}},"categories":[2],"tags":[],"class_list":["post-13828","post","type-post","status-publish","format-standard","has-post-thumbnail","hentry","category-1-mannschaft"],"jetpack_publicize_connections":[],"jetpack_featured_media_url":"https:\/\/i0.wp.com\/www.svzweckel.de\/wp-content\/uploads\/2021\/07\/DSC00024.jpg?fit=800%2C533&ssl=1","jetpack_sharing_enabled":true,"_links":{"self":[{"href":"https:\/\/www.svzweckel.de\/index.php?rest_route=\/wp\/v2\/posts\/13828","targetHints":{"allow":["GET"]}}],"collection":[{"href":"https:\/\/www.svzweckel.de\/index.php?rest_route=\/wp\/v2\/posts"}],"about":[{"href":"https:\/\/www.svzweckel.de\/index.php?rest_route=\/wp\/v2\/types\/post"}],"author":[{"embeddable":true,"href":"https:\/\/www.svzweckel.de\/index.php?rest_route=\/wp\/v2\/users\/3"}],"replies":[{"embeddable":true,"href":"https:\/\/www.svzweckel.de\/index.php?rest_route=%2Fwp%2Fv2%2Fcomments&post=13828"}],"version-history":[{"count":0,"href":"https:\/\/www.svzweckel.de\/index.php?rest_route=\/wp\/v2\/posts\/13828\/revisions"}],"wp:featuredmedia":[{"embeddable":true,"href":"https:\/\/www.svzweckel.de\/index.php?rest_route=\/wp\/v2\/media\/13798"}],"wp:attachment":[{"href":"https:\/\/www.svzweckel.de\/index.php?rest_route=%2Fwp%2Fv2%2Fmedia&parent=13828"}],"wp:term":[{"taxonomy":"category","embeddable":true,"href":"https:\/\/www.svzweckel.de\/index.php?rest_route=%2Fwp%2Fv2%2Fcategories&post=13828"},{"taxonomy":"post_tag","embeddable":true,"href":"https:\/\/www.svzweckel.de\/index.php?rest_route=%2Fwp%2Fv2%2Ftags&post=13828"}],"curies":[{"name":"wp","href":"https:\/\/api.w.org\/{rel}","templated":true}]}}