{"id":13830,"date":"2021-07-22T18:30:33","date_gmt":"2021-07-22T16:30:33","guid":{"rendered":"https:\/\/www.svzweckel.de\/?p=13830"},"modified":"2021-07-22T18:36:51","modified_gmt":"2021-07-22T16:36:51","slug":"sieg-im-ersten-testspiel-der-zweiten-in-grafenwald","status":"publish","type":"post","link":"https:\/\/www.svzweckel.de\/?p=13830","title":{"rendered":"Sieg im ersten Testspiel der Zweiten in Grafenwald"},"content":{"rendered":"\n<p>VfL Grafenwald II : SV Zweckel II 1:3<\/p>\n\n\n\n<p>Vergangenen Sonntag bestritt die zweite Mannschaft des SV Zweckel endlich auch ihr erstes Spiel nach der langen Corona-Pause.<br>In ersten H\u00e4lfte der Partie neutralisierten sich beide Mannschaften. Grafenwald hatte mehr Ballbesitz, Zweckel die besseren, wenngleich nicht ganz zwingenden Torchancen.<br>Bei einem abgef\u00e4lschten Distanzschuss in der 44. Spielminute, vom R\u00fcckkehrer Justin &#8222;Jako&#8220; Dennst\u00e4dt hielt Steven Oberl\u00e4nder seinen Fu\u00df rein und vollendete so zur 0:1 Pausenf\u00fchrung.<\/p>\n\n\n\n<p>Nach dem Seitenwechsel wurde es ein abwechslungsreiches Spiel. Zun\u00e4chst nutzte Grafenwald eine Drangphase zum Ausgleich (52. Minute). Als die Kr\u00e4fte Mitte der zweiten H\u00e4lfte nachlie\u00dfen, nahm der SVZ das Heft des Handelns aber wieder komplett in die eigenen H\u00e4nde.<br>Einige gute Torm\u00f6glichkeiten blieben ungenutzt, ehe Manuel Schmidt nach einer Ecke von Alexander H\u00fcsgen, in der 83. Spielminute auf 1:2 stellte.<br>Eine sch\u00f6n herausgespielte Kombination vollendete Jakob Pleiss (siehe Bild) schlie\u00dflich in der 87. Minute zum verdienten 1:3, wohlgemerkt in seinem ersten Spiel nach drei Jahren.<\/p>\n\n\n\n<p>Das Ergebnis ist gut, doch wichtiger war an diesem Tag, endlich wieder gemeinsam auf dem Platz gestanden zu haben.<\/p>\n\n\n\n<p>F\u00fcr die Zweitvertretung geht es am Freitag, den 23.07., beim Testspiel in Gahlen weiter.<br>Ansto\u00df ist um 19:00 Uhr.<\/p>\n","protected":false},"excerpt":{"rendered":"<p>VfL Grafenwald II : SV Zweckel II 1:3 Vergangenen Sonntag bestritt die zweite Mannschaft des SV Zweckel endlich auch ihr erstes Spiel nach der langen Corona-Pause.In ersten H\u00e4lfte der Partie neutralisierten sich beide Mannschaften. Grafenwald hatte mehr Ballbesitz, Zweckel die besseren, wenngleich nicht ganz zwingenden Torchancen.Bei einem abgef\u00e4lschten Distanzschuss in der 44. Spielminute, vom R\u00fcckkehrer [&hellip;]<\/p>\n","protected":false},"author":3,"featured_media":13235,"comment_status":"open","ping_status":"closed","sticky":false,"template":"","format":"standard","meta":{"_jetpack_memberships_contains_paid_content":false,"footnotes":"","jetpack_publicize_message":"","jetpack_publicize_feature_enabled":true,"jetpack_social_post_already_shared":false,"jetpack_social_options":{"image_generator_settings":{"template":"highway","default_image_id":0,"font":"","enabled":false},"version":2}},"categories":[2],"tags":[],"class_list":["post-13830","post","type-post","status-publish","format-standard","has-post-thumbnail","hentry","category-1-mannschaft"],"jetpack_publicize_connections":[],"jetpack_featured_media_url":"https:\/\/i0.wp.com\/www.svzweckel.de\/wp-content\/uploads\/2020\/08\/wp-15966317979533648660335233222896-e1626971644139.jpg?fit=1136%2C568&ssl=1","jetpack_sharing_enabled":true,"_links":{"self":[{"href":"https:\/\/www.svzweckel.de\/index.php?rest_route=\/wp\/v2\/posts\/13830","targetHints":{"allow":["GET"]}}],"collection":[{"href":"https:\/\/www.svzweckel.de\/index.php?rest_route=\/wp\/v2\/posts"}],"about":[{"href":"https:\/\/www.svzweckel.de\/index.php?rest_route=\/wp\/v2\/types\/post"}],"author":[{"embeddable":true,"href":"https:\/\/www.svzweckel.de\/index.php?rest_route=\/wp\/v2\/users\/3"}],"replies":[{"embeddable":true,"href":"https:\/\/www.svzweckel.de\/index.php?rest_route=%2Fwp%2Fv2%2Fcomments&post=13830"}],"version-history":[{"count":0,"href":"https:\/\/www.svzweckel.de\/index.php?rest_route=\/wp\/v2\/posts\/13830\/revisions"}],"wp:featuredmedia":[{"embeddable":true,"href":"https:\/\/www.svzweckel.de\/index.php?rest_route=\/wp\/v2\/media\/13235"}],"wp:attachment":[{"href":"https:\/\/www.svzweckel.de\/index.php?rest_route=%2Fwp%2Fv2%2Fmedia&parent=13830"}],"wp:term":[{"taxonomy":"category","embeddable":true,"href":"https:\/\/www.svzweckel.de\/index.php?rest_route=%2Fwp%2Fv2%2Fcategories&post=13830"},{"taxonomy":"post_tag","embeddable":true,"href":"https:\/\/www.svzweckel.de\/index.php?rest_route=%2Fwp%2Fv2%2Ftags&post=13830"}],"curies":[{"name":"wp","href":"https:\/\/api.w.org\/{rel}","templated":true}]}}