{"id":13839,"date":"2021-07-28T19:35:28","date_gmt":"2021-07-28T17:35:28","guid":{"rendered":"https:\/\/www.svzweckel.de\/?p=13839"},"modified":"2021-07-28T19:35:53","modified_gmt":"2021-07-28T17:35:53","slug":"test-gegen-landesligisten","status":"publish","type":"post","link":"https:\/\/www.svzweckel.de\/?p=13839","title":{"rendered":"Test gegen Landesligisten"},"content":{"rendered":"\n<p>Donnerstag, 29.07.21, 19:15 Uhr: SV Zweckel &#8211; BW Westfalia Langenbochum<\/p>\n\n\n\n<p>Nach der Spielabsage des SV Zweckel gegen SuS Bertlich steht nun das n\u00e4chste Testspiel an. Leider konnte die Mannschaft auf Grund des Wetters nicht trainieren, so dass derzeit nicht klar ist, wer morgen auflaufen kann. Trainer Guido Naumann wird noch auf den einen oder anderen Spieler verzichten m\u00fcssen, die im Urlaub weilen oder noch verletzt sind. <\/p>\n\n\n\n<p>Mit dem Landesligisten BW Westfalia Langenbochum kommt ein echter Pr\u00fcfstein an die Dorstener Stra\u00dfe und es  wird mehr als schwer, die bl\u00fctenwei\u00dfe Weste der Vorbereitungsspiele ohne Niederlage zu behalten. <\/p>\n","protected":false},"excerpt":{"rendered":"<p>Donnerstag, 29.07.21, 19:15 Uhr: SV Zweckel &#8211; BW Westfalia Langenbochum Nach der Spielabsage des SV Zweckel gegen SuS Bertlich steht nun das n\u00e4chste Testspiel an. Leider konnte die Mannschaft auf Grund des Wetters nicht trainieren, so dass derzeit nicht klar ist, wer morgen auflaufen kann. Trainer Guido Naumann wird noch auf den einen oder anderen [&hellip;]<\/p>\n","protected":false},"author":3,"featured_media":13791,"comment_status":"open","ping_status":"closed","sticky":false,"template":"","format":"standard","meta":{"_jetpack_memberships_contains_paid_content":false,"footnotes":"","jetpack_publicize_message":"","jetpack_publicize_feature_enabled":true,"jetpack_social_post_already_shared":false,"jetpack_social_options":{"image_generator_settings":{"template":"highway","default_image_id":0,"font":"","enabled":false},"version":2}},"categories":[2],"tags":[],"class_list":["post-13839","post","type-post","status-publish","format-standard","has-post-thumbnail","hentry","category-1-mannschaft"],"jetpack_publicize_connections":[],"jetpack_featured_media_url":"https:\/\/i0.wp.com\/www.svzweckel.de\/wp-content\/uploads\/2021\/07\/DSC00016.jpg?fit=800%2C533&ssl=1","jetpack_sharing_enabled":true,"_links":{"self":[{"href":"https:\/\/www.svzweckel.de\/index.php?rest_route=\/wp\/v2\/posts\/13839","targetHints":{"allow":["GET"]}}],"collection":[{"href":"https:\/\/www.svzweckel.de\/index.php?rest_route=\/wp\/v2\/posts"}],"about":[{"href":"https:\/\/www.svzweckel.de\/index.php?rest_route=\/wp\/v2\/types\/post"}],"author":[{"embeddable":true,"href":"https:\/\/www.svzweckel.de\/index.php?rest_route=\/wp\/v2\/users\/3"}],"replies":[{"embeddable":true,"href":"https:\/\/www.svzweckel.de\/index.php?rest_route=%2Fwp%2Fv2%2Fcomments&post=13839"}],"version-history":[{"count":0,"href":"https:\/\/www.svzweckel.de\/index.php?rest_route=\/wp\/v2\/posts\/13839\/revisions"}],"wp:featuredmedia":[{"embeddable":true,"href":"https:\/\/www.svzweckel.de\/index.php?rest_route=\/wp\/v2\/media\/13791"}],"wp:attachment":[{"href":"https:\/\/www.svzweckel.de\/index.php?rest_route=%2Fwp%2Fv2%2Fmedia&parent=13839"}],"wp:term":[{"taxonomy":"category","embeddable":true,"href":"https:\/\/www.svzweckel.de\/index.php?rest_route=%2Fwp%2Fv2%2Fcategories&post=13839"},{"taxonomy":"post_tag","embeddable":true,"href":"https:\/\/www.svzweckel.de\/index.php?rest_route=%2Fwp%2Fv2%2Ftags&post=13839"}],"curies":[{"name":"wp","href":"https:\/\/api.w.org\/{rel}","templated":true}]}}