{"id":13852,"date":"2021-08-07T16:49:59","date_gmt":"2021-08-07T14:49:59","guid":{"rendered":"https:\/\/www.svzweckel.de\/?p=13852"},"modified":"2021-08-07T16:49:59","modified_gmt":"2021-08-07T14:49:59","slug":"test-der-ersten-am-sonntag-um-14-uhr","status":"publish","type":"post","link":"https:\/\/www.svzweckel.de\/?p=13852","title":{"rendered":"Test der Ersten am Sonntag um 14 Uhr"},"content":{"rendered":"<div class=\"date\"><span class=\"results-c-3ia9zpqx\" data-obfuscation=\"3ia9zpqx\">Sonntag, 08.08.21, 14:oo Uhr: SV Zweckel &#8211; Preu\u00dfen Sutum<\/span><\/div>\n<div><\/div>\n<div>Am Sonntag bestreiten die Zweckeler ein weiteres Testspiel gegen den Gelsenkirchener A-Ligisten Preu\u00dfen Sutum.\u00a0 Trainer Guido Naumann wird dabei mit Beginn der Partie wohl wieder auf St\u00fcrmer Aleander Tschalumjann zur\u00fcckgreifen, der den im letzten Spiel agilen Jan Schwers unterst\u00fctzen soll.<\/div>\n<div>Nach harten Trainingseinheiten in der abgelaufenen Woche wird der eine oder andere Akteur der Schwarz-Gr\u00fcnen m\u00f6glicherweise noch mit Muskelkater von Einheiten in der Sandgrube aufweisen. Die m\u00f6glichen Beschwerden m\u00fcssen die Zweckeler dann am Sonntag auf dem Platz aus den Beinen laufen.<\/div>\n<div><\/div>\n","protected":false},"excerpt":{"rendered":"<p>Sonntag, 08.08.21, 14:oo Uhr: SV Zweckel &#8211; Preu\u00dfen Sutum Am Sonntag bestreiten die Zweckeler ein weiteres Testspiel gegen den Gelsenkirchener A-Ligisten Preu\u00dfen Sutum.\u00a0 Trainer Guido Naumann wird dabei mit Beginn der Partie wohl wieder auf St\u00fcrmer Aleander Tschalumjann zur\u00fcckgreifen, der den im letzten Spiel agilen Jan Schwers unterst\u00fctzen soll. Nach harten Trainingseinheiten in der abgelaufenen [&hellip;]<\/p>\n","protected":false},"author":3,"featured_media":13785,"comment_status":"open","ping_status":"closed","sticky":false,"template":"","format":"standard","meta":{"_jetpack_memberships_contains_paid_content":false,"footnotes":"","jetpack_publicize_message":"","jetpack_publicize_feature_enabled":true,"jetpack_social_post_already_shared":false,"jetpack_social_options":{"image_generator_settings":{"template":"highway","default_image_id":0,"font":"","enabled":false},"version":2}},"categories":[3],"tags":[],"class_list":["post-13852","post","type-post","status-publish","format-standard","has-post-thumbnail","hentry","category-allgemein"],"jetpack_publicize_connections":[],"jetpack_featured_media_url":"https:\/\/i0.wp.com\/www.svzweckel.de\/wp-content\/uploads\/2021\/07\/DSC00010.jpg?fit=800%2C533&ssl=1","jetpack_sharing_enabled":true,"_links":{"self":[{"href":"https:\/\/www.svzweckel.de\/index.php?rest_route=\/wp\/v2\/posts\/13852","targetHints":{"allow":["GET"]}}],"collection":[{"href":"https:\/\/www.svzweckel.de\/index.php?rest_route=\/wp\/v2\/posts"}],"about":[{"href":"https:\/\/www.svzweckel.de\/index.php?rest_route=\/wp\/v2\/types\/post"}],"author":[{"embeddable":true,"href":"https:\/\/www.svzweckel.de\/index.php?rest_route=\/wp\/v2\/users\/3"}],"replies":[{"embeddable":true,"href":"https:\/\/www.svzweckel.de\/index.php?rest_route=%2Fwp%2Fv2%2Fcomments&post=13852"}],"version-history":[{"count":0,"href":"https:\/\/www.svzweckel.de\/index.php?rest_route=\/wp\/v2\/posts\/13852\/revisions"}],"wp:featuredmedia":[{"embeddable":true,"href":"https:\/\/www.svzweckel.de\/index.php?rest_route=\/wp\/v2\/media\/13785"}],"wp:attachment":[{"href":"https:\/\/www.svzweckel.de\/index.php?rest_route=%2Fwp%2Fv2%2Fmedia&parent=13852"}],"wp:term":[{"taxonomy":"category","embeddable":true,"href":"https:\/\/www.svzweckel.de\/index.php?rest_route=%2Fwp%2Fv2%2Fcategories&post=13852"},{"taxonomy":"post_tag","embeddable":true,"href":"https:\/\/www.svzweckel.de\/index.php?rest_route=%2Fwp%2Fv2%2Ftags&post=13852"}],"curies":[{"name":"wp","href":"https:\/\/api.w.org\/{rel}","templated":true}]}}