{"id":13854,"date":"2021-08-07T16:58:04","date_gmt":"2021-08-07T14:58:04","guid":{"rendered":"https:\/\/www.svzweckel.de\/?p=13854"},"modified":"2021-08-07T16:58:04","modified_gmt":"2021-08-07T14:58:04","slug":"fussballkindergarten","status":"publish","type":"post","link":"https:\/\/www.svzweckel.de\/?p=13854","title":{"rendered":"Fu\u00dfballkindergarten"},"content":{"rendered":"<p>Hallo liebe Fu\u00dfballfans,<\/p>\n<p>der Fu\u00dfballkindergarten startet in die n\u00e4chste Runde 2021\/2022!<\/p>\n<p>Ab September 2021 wird grunds\u00e4tzlich dienstags auf dem Rasenplatz des SV- Zweckel trainiert.<\/p>\n<p>Trainingszeit: 15:30 Uhr &#8211; 16:30 Uhr.<\/p>\n<p>In der Trainingszeit werden wir uns neben \u00dcbungen mit dem Ball vielseitig in dem Thema Bewegung und Koordination besch\u00e4ftigen. Du bist 2017 geboren? Dann passt du perfekt in die Runde! Aber auch der Jahrgang 2018 ist herzlich zum \u201eSchnuppern\u201c eingeladen.<\/p>\n<p>Mein Name ist Chrissi Spengler und ich werde mit dir das Jahr vor dem \u201erichtigen\u201c Fu\u00dfballtraining begleiten und dich mit Spa\u00df an das Fu\u00dfball spielen heranf\u00fchren.<\/p>\n<p>Wie meldest du dich an? Bitte kontaktiere mich unter 01520 9481044.<\/p>\n<p>Bitte bringt zu jeder Trainingsstunde ausreichend Getr\u00e4nke mit. Einen Trainingsplan werdet ihr zeitnah an die Hand bekommen.<\/p>\n<p>Wir freuen uns auf euch.<\/p>\n<p>Liebe Gr\u00fc\u00dfe Chrissi.<\/p>\n","protected":false},"excerpt":{"rendered":"<p>Hallo liebe Fu\u00dfballfans, der Fu\u00dfballkindergarten startet in die n\u00e4chste Runde 2021\/2022! Ab September 2021 wird grunds\u00e4tzlich dienstags auf dem Rasenplatz des SV- Zweckel trainiert. Trainingszeit: 15:30 Uhr &#8211; 16:30 Uhr. In der Trainingszeit werden wir uns neben \u00dcbungen mit dem Ball vielseitig in dem Thema Bewegung und Koordination besch\u00e4ftigen. Du bist 2017 geboren? Dann passt [&hellip;]<\/p>\n","protected":false},"author":3,"featured_media":13857,"comment_status":"open","ping_status":"closed","sticky":false,"template":"","format":"standard","meta":{"_jetpack_memberships_contains_paid_content":false,"footnotes":"","jetpack_publicize_message":"","jetpack_publicize_feature_enabled":true,"jetpack_social_post_already_shared":false,"jetpack_social_options":{"image_generator_settings":{"template":"highway","default_image_id":0,"font":"","enabled":false},"version":2}},"categories":[3],"tags":[],"class_list":["post-13854","post","type-post","status-publish","format-standard","has-post-thumbnail","hentry","category-allgemein"],"jetpack_publicize_connections":[],"jetpack_featured_media_url":"https:\/\/i0.wp.com\/www.svzweckel.de\/wp-content\/uploads\/2021\/08\/Kindergarten.jpg?fit=800%2C389&ssl=1","jetpack_sharing_enabled":true,"_links":{"self":[{"href":"https:\/\/www.svzweckel.de\/index.php?rest_route=\/wp\/v2\/posts\/13854","targetHints":{"allow":["GET"]}}],"collection":[{"href":"https:\/\/www.svzweckel.de\/index.php?rest_route=\/wp\/v2\/posts"}],"about":[{"href":"https:\/\/www.svzweckel.de\/index.php?rest_route=\/wp\/v2\/types\/post"}],"author":[{"embeddable":true,"href":"https:\/\/www.svzweckel.de\/index.php?rest_route=\/wp\/v2\/users\/3"}],"replies":[{"embeddable":true,"href":"https:\/\/www.svzweckel.de\/index.php?rest_route=%2Fwp%2Fv2%2Fcomments&post=13854"}],"version-history":[{"count":0,"href":"https:\/\/www.svzweckel.de\/index.php?rest_route=\/wp\/v2\/posts\/13854\/revisions"}],"wp:featuredmedia":[{"embeddable":true,"href":"https:\/\/www.svzweckel.de\/index.php?rest_route=\/wp\/v2\/media\/13857"}],"wp:attachment":[{"href":"https:\/\/www.svzweckel.de\/index.php?rest_route=%2Fwp%2Fv2%2Fmedia&parent=13854"}],"wp:term":[{"taxonomy":"category","embeddable":true,"href":"https:\/\/www.svzweckel.de\/index.php?rest_route=%2Fwp%2Fv2%2Fcategories&post=13854"},{"taxonomy":"post_tag","embeddable":true,"href":"https:\/\/www.svzweckel.de\/index.php?rest_route=%2Fwp%2Fv2%2Ftags&post=13854"}],"curies":[{"name":"wp","href":"https:\/\/api.w.org\/{rel}","templated":true}]}}