{"id":13878,"date":"2021-08-11T09:28:12","date_gmt":"2021-08-11T07:28:12","guid":{"rendered":"https:\/\/www.svzweckel.de\/?p=13878"},"modified":"2021-08-11T09:28:12","modified_gmt":"2021-08-11T07:28:12","slug":"testspiel-der-reserve-am-mittwochabend","status":"publish","type":"post","link":"https:\/\/www.svzweckel.de\/?p=13878","title":{"rendered":"Testspiel der Reserve am Mittwochabend"},"content":{"rendered":"<p>11.08.2021, 19:30 Uhr: SV Zweckel II &#8211; DJK Adler Oberhausen<\/p>\n<p>Am heutigen Mittwochabend trifft die Reserve der Schwarz-Gr\u00fcnen auf DJK Alder Oberhausen. Die G\u00e4ste haben in der letzten Saison ihre Mannschaft aus der Kreisliga A zur\u00fcckgezogen und treten in der neuen Saison wieder in der Kreisliga B an, aus welcher sie in der Saison 2018\/19 den Aufstieg in das Kreisoberhaus schafften.<\/p>\n<p>Am letzten Sonntag gewannen die Oberhausener mit 1:4 bei Schwarz-Blau Gladbeck, die zum Favoritenkreis f\u00fcr den Aufstieg in die Kreisliga A gerechnet werden m\u00fcssen. Die Zweckeler verloren bei Resse 08 mit 4:1, konnten aber durchaus einige positive Akzente setzen.<\/p>\n<p>Trainer Perry Pfeng muss die aus den vergangenen Spielen gewonnenen Erkenntnisse in den n\u00e4chsten Wochen umsetzen, um in knapp drei Wochen eine gute Mannschaft zum Saisonbeginn beim Heimspiel gegen Eintracht Erle auf den Platz zu bringen.<\/p>\n","protected":false},"excerpt":{"rendered":"<p>11.08.2021, 19:30 Uhr: SV Zweckel II &#8211; DJK Adler Oberhausen Am heutigen Mittwochabend trifft die Reserve der Schwarz-Gr\u00fcnen auf DJK Alder Oberhausen. Die G\u00e4ste haben in der letzten Saison ihre Mannschaft aus der Kreisliga A zur\u00fcckgezogen und treten in der neuen Saison wieder in der Kreisliga B an, aus welcher sie in der Saison 2018\/19 [&hellip;]<\/p>\n","protected":false},"author":3,"featured_media":13253,"comment_status":"open","ping_status":"closed","sticky":false,"template":"","format":"standard","meta":{"_jetpack_memberships_contains_paid_content":false,"footnotes":"","jetpack_publicize_message":"","jetpack_publicize_feature_enabled":true,"jetpack_social_post_already_shared":false,"jetpack_social_options":{"image_generator_settings":{"template":"highway","default_image_id":0,"font":"","enabled":false},"version":2}},"categories":[20],"tags":[],"class_list":["post-13878","post","type-post","status-publish","format-standard","has-post-thumbnail","hentry","category-2-mannschaft"],"jetpack_publicize_connections":[],"jetpack_featured_media_url":"https:\/\/i0.wp.com\/www.svzweckel.de\/wp-content\/uploads\/2020\/08\/wp-15968112590095072295860097553131-scaled.jpg?fit=2560%2C1440&ssl=1","jetpack_sharing_enabled":true,"_links":{"self":[{"href":"https:\/\/www.svzweckel.de\/index.php?rest_route=\/wp\/v2\/posts\/13878","targetHints":{"allow":["GET"]}}],"collection":[{"href":"https:\/\/www.svzweckel.de\/index.php?rest_route=\/wp\/v2\/posts"}],"about":[{"href":"https:\/\/www.svzweckel.de\/index.php?rest_route=\/wp\/v2\/types\/post"}],"author":[{"embeddable":true,"href":"https:\/\/www.svzweckel.de\/index.php?rest_route=\/wp\/v2\/users\/3"}],"replies":[{"embeddable":true,"href":"https:\/\/www.svzweckel.de\/index.php?rest_route=%2Fwp%2Fv2%2Fcomments&post=13878"}],"version-history":[{"count":0,"href":"https:\/\/www.svzweckel.de\/index.php?rest_route=\/wp\/v2\/posts\/13878\/revisions"}],"wp:featuredmedia":[{"embeddable":true,"href":"https:\/\/www.svzweckel.de\/index.php?rest_route=\/wp\/v2\/media\/13253"}],"wp:attachment":[{"href":"https:\/\/www.svzweckel.de\/index.php?rest_route=%2Fwp%2Fv2%2Fmedia&parent=13878"}],"wp:term":[{"taxonomy":"category","embeddable":true,"href":"https:\/\/www.svzweckel.de\/index.php?rest_route=%2Fwp%2Fv2%2Fcategories&post=13878"},{"taxonomy":"post_tag","embeddable":true,"href":"https:\/\/www.svzweckel.de\/index.php?rest_route=%2Fwp%2Fv2%2Ftags&post=13878"}],"curies":[{"name":"wp","href":"https:\/\/api.w.org\/{rel}","templated":true}]}}